{"id":17,"date":"2021-03-28T11:44:28","date_gmt":"2021-03-28T09:44:28","guid":{"rendered":"http:\/\/dunjouralautre.fr\/?p=17"},"modified":"2022-01-18T09:22:52","modified_gmt":"2022-01-18T08:22:52","slug":"cest-un-combat","status":"publish","type":"post","link":"https:\/\/dunjouralautre.fr\/index.php\/2021\/03\/28\/cest-un-combat\/","title":{"rendered":"C&#8217;est un combat"},"content":{"rendered":"<p>Il est une sensation d\u00e9plaisante, celle de la fuite en avant. Comme bon nombre d&#8217;entre nous, je regarde l&#8217;actualit\u00e9, et ce que j&#8217;y vois me d\u00e9plait. Eduqu\u00e9e dans une famille pour qui &#8220;s\u00e8me le vent, r\u00e9colte la temp\u00eate&#8221; &#8211; et non le tempo &#8211; je me suis tue et &#8220;wait and see&#8221; est devenu mon adage non pas favori mais r\u00e9solu. Ozar Atorah, Charlie Hebdo et l&#8217;Hyper Casher attaqu\u00e9s, j&#8217;ai mis sous le boisseau ma libert\u00e9 pr\u00e9textant une limite au droit d&#8217;expression. Ainsi je n&#8217;ai rien dit non plus quand Nice a \u00e9t\u00e9 ex\u00e9cut\u00e9e sous les coups de boutoirs d&#8217;un camion fou ; je n&#8217;ai rien dit lorsque Arnaud Beltrame, chevalier-gendarme, a donn\u00e9 sa vie ; je n&#8217;ai rien dit quand Samuel cherchant \u00e0 ouvrir les yeux, les oreilles, les consciences d&#8217;une jeunesse perdue&#8230; j&#8217;ai baiss\u00e9 la t\u00eate, telle l&#8217;accus\u00e9e sur le billaud, plusieurs jours durant. Et pourtant, je sentais en moi, au fond de ma conscience, de mon c\u0153ur et de mon \u00e2me un trouble : ce que je ressentais \u00e9tait diff\u00e9rent de ce que je percevais. et dans un sursaut j&#8217;ai cherch\u00e9 \u00e0 comprendre.<\/p>\n<p>Aujourd&#8217;hui, enrichie de la connaissance acquise par la lecture et l&#8217;\u00e9tude de diff\u00e9rents documents, et de la volont\u00e9 propre \u00e0 l&#8217;instinct du combattant, je l\u00e8verai haut le Verbe et d\u00e9clare que je participerai au combat. Rien ne me fera jamais taire.<\/p>\n<p>Vous trouverez ici l&#8217;expression de mes pens\u00e9es, r\u00e9flexions et interrogations au fil des jours sur tous les sujets qui retiendront mon int\u00e9r\u00eat.<\/p>\n","protected":false},"excerpt":{"rendered":"<p>Il est une sensation d\u00e9plaisante, celle de la fuite en avant. Comme bon nombre d&#8217;entre nous, je regarde l&#8217;actualit\u00e9, et ce que j&#8217;y vois me d\u00e9plait. Eduqu\u00e9e dans une famille pour qui &#8220;s\u00e8me le vent, r\u00e9colte la temp\u00eate&#8221; &#8211; et non le tempo &#8211; je me suis tue et &#8220;wait and see&#8221; est devenu mon [&hellip;]<\/p>\n","protected":false},"author":1,"featured_media":0,"comment_status":"open","ping_status":"open","sticky":false,"template":"","format":"standard","meta":{"footnotes":""},"categories":[2],"tags":[],"class_list":["post-17","post","type-post","status-publish","format-standard","hentry","category-lire"],"_links":{"self":[{"href":"https:\/\/dunjouralautre.fr\/index.php\/wp-json\/wp\/v2\/posts\/17","targetHints":{"allow":["GET"]}}],"collection":[{"href":"https:\/\/dunjouralautre.fr\/index.php\/wp-json\/wp\/v2\/posts"}],"about":[{"href":"https:\/\/dunjouralautre.fr\/index.php\/wp-json\/wp\/v2\/types\/post"}],"author":[{"embeddable":true,"href":"https:\/\/dunjouralautre.fr\/index.php\/wp-json\/wp\/v2\/users\/1"}],"replies":[{"embeddable":true,"href":"https:\/\/dunjouralautre.fr\/index.php\/wp-json\/wp\/v2\/comments?post=17"}],"version-history":[{"count":1,"href":"https:\/\/dunjouralautre.fr\/index.php\/wp-json\/wp\/v2\/posts\/17\/revisions"}],"predecessor-version":[{"id":18,"href":"https:\/\/dunjouralautre.fr\/index.php\/wp-json\/wp\/v2\/posts\/17\/revisions\/18"}],"wp:attachment":[{"href":"https:\/\/dunjouralautre.fr\/index.php\/wp-json\/wp\/v2\/media?parent=17"}],"wp:term":[{"taxonomy":"category","embeddable":true,"href":"https:\/\/dunjouralautre.fr\/index.php\/wp-json\/wp\/v2\/categories?post=17"},{"taxonomy":"post_tag","embeddable":true,"href":"https:\/\/dunjouralautre.fr\/index.php\/wp-json\/wp\/v2\/tags?post=17"}],"curies":[{"name":"wp","href":"https:\/\/api.w.org\/{rel}","templated":true}]}}