{"id":19,"date":"2021-04-28T13:49:36","date_gmt":"2021-04-28T11:49:36","guid":{"rendered":"http:\/\/dunjouralautre.fr\/?p=19"},"modified":"2022-01-18T09:22:39","modified_gmt":"2022-01-18T08:22:39","slug":"effacement","status":"publish","type":"post","link":"https:\/\/dunjouralautre.fr\/index.php\/2021\/04\/28\/effacement\/","title":{"rendered":"Effacement"},"content":{"rendered":"<p>Arriv\u00e9s \u00e0 un certain \u00e2ge, regarder en arri\u00e8re est fr\u00e9quent. Non, pas un regard empli de m\u00e9lancolie, mais la simple curiosit\u00e9 de poser le regard sur le chemin parcouru ; quelques regrets, certainement mais sans plus. Regarder le trajet, les entrelacs, les pierres encombrant l&#8217;avanc\u00e9e, les orni\u00e8res creus\u00e9es par les g\u00e9n\u00e9rations pass\u00e9es, se souvenir des promeneurs crois\u00e9s ici et l\u00e0 &#8230;<\/p>\n<p>Personnellement\u00a0 je me dis que je suis la somme de tout ce chemin, et la somme du chemin de mon p\u00e8re, qui lui \u00e9tait aussi la somme du chemin de son p\u00e8re &#8230; Regarder d&#8217;o\u00f9 je viens me rassure quelque part. Je regarde les racines, les fondements de mon \u00eatre, de mon identit\u00e9. Mon identit\u00e9 s&#8217;est construit sur une culture riche de valeurs humaines. Je peux dire sans trop me tromper que cette culture a forg\u00e9 mon identit\u00e9. Ma culture est importante, ma culture c&#8217;est l&#8217;expression de la globalit\u00e9 de mon environnement. Aussi, aujourd&#8217;hui, trois \u00e9v\u00e9nements, qui touchent ma culture occidentale, m&#8217;interpellent :<\/p>\n<ul>\n<li>un mus\u00e9e, temple de la culture, fait dispara\u00eetre la notation des chiffres romains,<\/li>\n<li>une traduction de &#8220;la Divine Com\u00e9die&#8221; est purg\u00e9e de toutes occurrences li\u00e9es au proph\u00e8te musulman Mahomet,<\/li>\n<li>la Litt\u00e9rature m\u00e9di\u00e9vale risque de disparaitre du Capes de lettres Modernes. En effet, le ministre Jean-Michel Blanquer projette de supprimer la Litt\u00e9rature m\u00e9di\u00e9vale pour l&#8217;\u00e9preuve du Capes de Lettres, soit la p\u00e9riode allant de la chute de l&#8217;Empire romain jusqu&#8217;\u00e0 la Renaissance. En m\u00eame temps, je lis que l&#8217;universit\u00e9 de Leicester en Angleterre abandonne toute forme d&#8217;enseignement de litt\u00e9rature ant\u00e9rieure \u00e0 1500 &#8211; Shakespeare a eu chaud aux fesses ! &#8211; pour &#8220;<em>coller \u00e0 ce que les \u00e9tudiants attendent<\/em>&#8220;.<\/li>\n<\/ul>\n<p>De ce fait, il est fort \u00e0 parier que dans le futur, des auteurs tels que Lewis et Tolkien &#8211; tous les deux \u00e9tudiants en Lettres modernes, ne verront jamais le jour &#8230; La Divine Com\u00e9die de Dante est victime de la doxa bien pensante, soit de <strong>&#8220;il&#8221;<\/strong> anonymis\u00e9 : la version de L\u2019Enfer, premier volet du triptyque de La Divine Com\u00e9die, a ainsi \u00e9t\u00e9 retraduite par Blossom Books, \u00e9diteur n\u00e9erlandais. Et\u00a0<strong> il<\/strong> a \u00e9t\u00e9 demand\u00e9 que l\u2019on retire la mention de Mohamet, proph\u00e8te musulman, pour \u00ab\u2009<em>\u00e9viter que le livre soit inutilement blessant<\/em>\u2009\u00bb, rapporte le quotidien belge <a href=\"https:\/\/www.standaard.be\/cnt\/dmf20210322_98057472\" target=\"_blank\" rel=\"noopener\"><em>De Standaard<\/em>\u00a0<\/a> (extrait de l&#8217;article de Nicolas Gary sur <a href=\"https:\/\/actualitte.com\/article\/99519\/international\/mahomet-supprime-d-une-traduction-de-l-enfer-de-dante-pour-ne-pas-blesser\" target=\"_blank\" rel=\"noopener\">actualitte.com<\/a>).<\/p>\n<p>\u00c0 mon sens, deux raisons essentielles expliquent cette suppression : la premi\u00e8re est la mise en application du principe qui r\u00e9serve aux seuls musulmans le droit d&#8217;\u00e9crire sur l&#8217;histoire et la culture islamiques ; la seconde \u00e9tant le Dialogue Euro-Arabe. Le Dialogue Euro-Arabe, \u00e9manation de l&#8217;APECEA, est un processus mis en place entre l&#8217;Union Europ\u00e9enne et la Ligue Arabe ou l&#8217;OCI-ISESCO pour le d\u00e9veloppement, la coordination des relations dans l&#8217;objectif de pacifier la zone euro-m\u00e9diterran\u00e9enne.\u00a0 Il s&#8217;agit de mesures approuv\u00e9es par l&#8217;EU pour \u00e9radiquer les images n\u00e9gatives de l&#8217;islamisme en Europe, images propices \u00e0 la cr\u00e9ation de sentiments islamophobes.<\/p>\n<p>Les chiffres romains pourraient aussi dispara\u00eetre de notre univers mental. Ils ne sont pas essentiels ; c&#8217;est vrai. Je rel\u00e8ve deux inconv\u00e9nients \u00e0 leur disparition : le premier c&#8217;est l&#8217;effacement de notre lien avec l&#8217;Antiquit\u00e9 romaine, le second c&#8217;est l&#8217;abn\u00e9gation de notre identit\u00e9 ; je pense pouvoir affirmer que nous sommes la seule civilisation \u00e0 &#8220;identifier&#8221; nos si\u00e8cles, empereurs, rois et papes par des chiffres romains ; ils sont les marqueurs culturels de l&#8217;histoire de L&#8217;Europe. Et lorsqu&#8217;il m&#8217;arrivera de regarder en arri\u00e8re, je ne verrai plus les marqueurs culturels devenus \u00e9vanescents , le chemin trac\u00e9 s&#8217;\u00e9vanouira dans une brume sem\u00e9 de cailloux oubli\u00e9s. Effacer la m\u00e9moire collective des peuples ou la vider ne fait pas oublier que &#8220;la nature a horreur du vide&#8221;&#8230;<\/p>\n<p>Chiffres romains, Litt\u00e9rature m\u00e9di\u00e9vale, censure et caviardage de grands classiques &#8230;<\/p>\n<p>Si je me trompe, merci de corriger mon erreur en me laissant un commentaire.<\/p>\n","protected":false},"excerpt":{"rendered":"<p>Arriv\u00e9s \u00e0 un certain \u00e2ge, regarder en arri\u00e8re est fr\u00e9quent. Non, pas un regard empli de m\u00e9lancolie, mais la simple curiosit\u00e9 de poser le regard sur le chemin parcouru ; quelques regrets, certainement mais sans plus. Regarder le trajet, les entrelacs, les pierres encombrant l&#8217;avanc\u00e9e, les orni\u00e8res creus\u00e9es par les g\u00e9n\u00e9rations pass\u00e9es, se souvenir des [&hellip;]<\/p>\n","protected":false},"author":1,"featured_media":0,"comment_status":"open","ping_status":"open","sticky":false,"template":"","format":"standard","meta":{"footnotes":""},"categories":[2],"tags":[],"class_list":["post-19","post","type-post","status-publish","format-standard","hentry","category-lire"],"_links":{"self":[{"href":"https:\/\/dunjouralautre.fr\/index.php\/wp-json\/wp\/v2\/posts\/19","targetHints":{"allow":["GET"]}}],"collection":[{"href":"https:\/\/dunjouralautre.fr\/index.php\/wp-json\/wp\/v2\/posts"}],"about":[{"href":"https:\/\/dunjouralautre.fr\/index.php\/wp-json\/wp\/v2\/types\/post"}],"author":[{"embeddable":true,"href":"https:\/\/dunjouralautre.fr\/index.php\/wp-json\/wp\/v2\/users\/1"}],"replies":[{"embeddable":true,"href":"https:\/\/dunjouralautre.fr\/index.php\/wp-json\/wp\/v2\/comments?post=19"}],"version-history":[{"count":10,"href":"https:\/\/dunjouralautre.fr\/index.php\/wp-json\/wp\/v2\/posts\/19\/revisions"}],"predecessor-version":[{"id":33,"href":"https:\/\/dunjouralautre.fr\/index.php\/wp-json\/wp\/v2\/posts\/19\/revisions\/33"}],"wp:attachment":[{"href":"https:\/\/dunjouralautre.fr\/index.php\/wp-json\/wp\/v2\/media?parent=19"}],"wp:term":[{"taxonomy":"category","embeddable":true,"href":"https:\/\/dunjouralautre.fr\/index.php\/wp-json\/wp\/v2\/categories?post=19"},{"taxonomy":"post_tag","embeddable":true,"href":"https:\/\/dunjouralautre.fr\/index.php\/wp-json\/wp\/v2\/tags?post=19"}],"curies":[{"name":"wp","href":"https:\/\/api.w.org\/{rel}","templated":true}]}}