{"id":3514,"date":"2022-12-14T10:47:52","date_gmt":"2022-12-14T09:47:52","guid":{"rendered":"https:\/\/dunjouralautre.fr\/?p=3514"},"modified":"2022-12-14T10:47:52","modified_gmt":"2022-12-14T09:47:52","slug":"ils-ont-vu-et-entendu","status":"publish","type":"post","link":"https:\/\/dunjouralautre.fr\/index.php\/2022\/12\/14\/ils-ont-vu-et-entendu\/","title":{"rendered":"Ils ont vu et entendu"},"content":{"rendered":"<table width=\"100%\">\n<tbody>\n<tr>\n<td>Le texte biblique<\/td>\n<\/tr>\n<tr>\n<td><em>Ce texte attribu\u00e9e \u00e0 l&#8217;ap\u00f4tre saint Pierre s\u2019adresse \u00e0 des nouveaux chr\u00e9tiens de milieu mixte, d&#8217;origine juive ou gr\u00e9co-romaine.<\/em><\/p>\n<p data-testid=\"krJSekZY0RmpM\">Simon Pierre, serviteur et ap\u00f4tre de J\u00e9sus-Christ, \u00e0 ceux qui ont re\u00e7u en partage \u00e9gal avec nous la foi dans la justice de notre Dieu et sauveur J\u00e9sus-Christ : que pour vous gr\u00e2ce et paix soient \u00e0 leur comble dans la connaissance de notre Seigneur ! [\u2026]\n<p data-testid=\"krJSekZY0RmpM\"><strong>Ce n\u2019est pas, en effet, en ayant suivi de savantes fables que nous vous avons fait conna\u00eetre la puissance et la pr\u00e9sence de Notre Seigneur J\u00e9sus-Christ, mais en ayant \u00e9t\u00e9 les observateurs de sa grandeur.<\/strong><\/p>\n<p data-testid=\"krJSekZY0RmpM\">En ayant re\u00e7u en effet de Dieu honneur et gloire quand, de la gloire magnifique, une voix de ce genre s\u2019\u00e9tait fait entendre :<\/p>\n<p data-testid=\"krJSekZY0RmpM\">\u2014 Celui-ci est mon fils ch\u00e9ri en qui j\u2019ai mis toute ma complaisance.<\/p>\n<p data-testid=\"krJSekZY0RmpM\">Et nous, nous avons entendu cette voix venue du ciel alors que nous \u00e9tions avec lui-m\u00eame sur la montagne sainte. Et nous tenons pour particuli\u00e8rement confirm\u00e9e la parole proph\u00e9tique \u00e0 laquelle vous faites bien de pr\u00eater attention comme \u00e0 une lampe qui luit dans un lieu obscur jusqu\u2019\u00e0 ce que le jour vienne \u00e0 poindre et que le lucifer se l\u00e8ve dans vos c\u0153urs, <strong>en comprenant avant tout qu\u2019aucune proph\u00e9tie de l\u2019\u00c9criture ne proc\u00e8de d\u2019une interpr\u00e9tation propre car ce n\u2019est pas par une volont\u00e9 d\u2019homme qu\u2019une proph\u00e9tie a jamais \u00e9t\u00e9 apport\u00e9e mais c\u2019est inspir\u00e9s par l\u2019Esprit saint qu\u2019ont parl\u00e9 les saints hommes de Dieu.<\/strong><\/p>\n<\/td>\n<\/tr>\n<\/tbody>\n<\/table>\n","protected":false},"excerpt":{"rendered":"<p>Le texte biblique Ce texte attribu\u00e9e \u00e0 l&#8217;ap\u00f4tre saint Pierre s\u2019adresse \u00e0 des nouveaux chr\u00e9tiens de milieu mixte, d&#8217;origine juive ou gr\u00e9co-romaine. Simon Pierre, serviteur et ap\u00f4tre de J\u00e9sus-Christ, \u00e0 ceux qui ont re\u00e7u en partage \u00e9gal avec nous la foi dans la justice de notre Dieu et sauveur J\u00e9sus-Christ : que pour vous gr\u00e2ce [&hellip;]<\/p>\n","protected":false},"author":1,"featured_media":0,"comment_status":"open","ping_status":"open","sticky":false,"template":"","format":"standard","meta":{"footnotes":""},"categories":[1],"tags":[],"class_list":["post-3514","post","type-post","status-publish","format-standard","hentry","category-non-classe"],"_links":{"self":[{"href":"https:\/\/dunjouralautre.fr\/index.php\/wp-json\/wp\/v2\/posts\/3514","targetHints":{"allow":["GET"]}}],"collection":[{"href":"https:\/\/dunjouralautre.fr\/index.php\/wp-json\/wp\/v2\/posts"}],"about":[{"href":"https:\/\/dunjouralautre.fr\/index.php\/wp-json\/wp\/v2\/types\/post"}],"author":[{"embeddable":true,"href":"https:\/\/dunjouralautre.fr\/index.php\/wp-json\/wp\/v2\/users\/1"}],"replies":[{"embeddable":true,"href":"https:\/\/dunjouralautre.fr\/index.php\/wp-json\/wp\/v2\/comments?post=3514"}],"version-history":[{"count":1,"href":"https:\/\/dunjouralautre.fr\/index.php\/wp-json\/wp\/v2\/posts\/3514\/revisions"}],"predecessor-version":[{"id":3692,"href":"https:\/\/dunjouralautre.fr\/index.php\/wp-json\/wp\/v2\/posts\/3514\/revisions\/3692"}],"wp:attachment":[{"href":"https:\/\/dunjouralautre.fr\/index.php\/wp-json\/wp\/v2\/media?parent=3514"}],"wp:term":[{"taxonomy":"category","embeddable":true,"href":"https:\/\/dunjouralautre.fr\/index.php\/wp-json\/wp\/v2\/categories?post=3514"},{"taxonomy":"post_tag","embeddable":true,"href":"https:\/\/dunjouralautre.fr\/index.php\/wp-json\/wp\/v2\/tags?post=3514"}],"curies":[{"name":"wp","href":"https:\/\/api.w.org\/{rel}","templated":true}]}}