{"id":3550,"date":"2022-09-09T08:41:12","date_gmt":"2022-09-09T06:41:12","guid":{"rendered":"https:\/\/dunjouralautre.fr\/?p=3550"},"modified":"2022-10-13T08:54:48","modified_gmt":"2022-10-13T06:54:48","slug":"elisabeth-regina","status":"publish","type":"post","link":"https:\/\/dunjouralautre.fr\/index.php\/2022\/09\/09\/elisabeth-regina\/","title":{"rendered":"Elisabeth Regina"},"content":{"rendered":"<p>Sa Majest\u00e9 Elisabeth Windsor n&#8217;est plus. A 96 ans, elle rejoint son Prince Philip et ses chers parents. Je l&#8217;imagine mourir pr\u00e8s des siens, paisiblement, apr\u00e8s une vie de devoirs et de service bien remplie. Grand-m\u00e8re de toute l&#8217;Europe, elle incarnait de mon point de vue les valeurs de fid\u00e9lit\u00e9 et d&#8217;engagement.<\/p>\n<p>&nbsp;<\/p>\n<figure id=\"attachment_3551\" aria-describedby=\"caption-attachment-3551\" style=\"width: 817px\" class=\"wp-caption aligncenter\"><img fetchpriority=\"high\" decoding=\"async\" class=\"wp-image-3551\" src=\"https:\/\/dunjouralautre.fr\/wp-content\/uploads\/2022\/10\/IMG_3699-300x225.png\" alt=\"\" width=\"817\" height=\"613\" srcset=\"https:\/\/dunjouralautre.fr\/wp-content\/uploads\/2022\/10\/IMG_3699-300x225.png 300w, https:\/\/dunjouralautre.fr\/wp-content\/uploads\/2022\/10\/IMG_3699-1024x768.png 1024w, https:\/\/dunjouralautre.fr\/wp-content\/uploads\/2022\/10\/IMG_3699-768x576.png 768w, https:\/\/dunjouralautre.fr\/wp-content\/uploads\/2022\/10\/IMG_3699-1536x1152.png 1536w, https:\/\/dunjouralautre.fr\/wp-content\/uploads\/2022\/10\/IMG_3699-2048x1536.png 2048w, https:\/\/dunjouralautre.fr\/wp-content\/uploads\/2022\/10\/IMG_3699-350x263.png 350w\" sizes=\"(max-width: 817px) 100vw, 817px\" \/><figcaption id=\"caption-attachment-3551\" class=\"wp-caption-text\">Photo de Sa Majest\u00e9 Elisabeth II \u00e0 l&#8217;occasion de la visite de sa nouvelle Premi\u00e8re Ministre Liz Truss, deux jours avant sa mort au ch\u00e2teau de Balmoral en Ecosse.<\/figcaption><\/figure>\n","protected":false},"excerpt":{"rendered":"<p>Sa Majest\u00e9 Elisabeth Windsor n&#8217;est plus. A 96 ans, elle rejoint son Prince Philip et ses chers parents. Je l&#8217;imagine mourir pr\u00e8s des siens, paisiblement, apr\u00e8s une vie de devoirs et de service bien remplie. Grand-m\u00e8re de toute l&#8217;Europe, elle incarnait de mon point de vue les valeurs de fid\u00e9lit\u00e9 et d&#8217;engagement. &nbsp;<\/p>\n","protected":false},"author":1,"featured_media":0,"comment_status":"open","ping_status":"open","sticky":false,"template":"","format":"standard","meta":{"footnotes":""},"categories":[1],"tags":[],"class_list":["post-3550","post","type-post","status-publish","format-standard","hentry","category-non-classe"],"_links":{"self":[{"href":"https:\/\/dunjouralautre.fr\/index.php\/wp-json\/wp\/v2\/posts\/3550","targetHints":{"allow":["GET"]}}],"collection":[{"href":"https:\/\/dunjouralautre.fr\/index.php\/wp-json\/wp\/v2\/posts"}],"about":[{"href":"https:\/\/dunjouralautre.fr\/index.php\/wp-json\/wp\/v2\/types\/post"}],"author":[{"embeddable":true,"href":"https:\/\/dunjouralautre.fr\/index.php\/wp-json\/wp\/v2\/users\/1"}],"replies":[{"embeddable":true,"href":"https:\/\/dunjouralautre.fr\/index.php\/wp-json\/wp\/v2\/comments?post=3550"}],"version-history":[{"count":2,"href":"https:\/\/dunjouralautre.fr\/index.php\/wp-json\/wp\/v2\/posts\/3550\/revisions"}],"predecessor-version":[{"id":3553,"href":"https:\/\/dunjouralautre.fr\/index.php\/wp-json\/wp\/v2\/posts\/3550\/revisions\/3553"}],"wp:attachment":[{"href":"https:\/\/dunjouralautre.fr\/index.php\/wp-json\/wp\/v2\/media?parent=3550"}],"wp:term":[{"taxonomy":"category","embeddable":true,"href":"https:\/\/dunjouralautre.fr\/index.php\/wp-json\/wp\/v2\/categories?post=3550"},{"taxonomy":"post_tag","embeddable":true,"href":"https:\/\/dunjouralautre.fr\/index.php\/wp-json\/wp\/v2\/tags?post=3550"}],"curies":[{"name":"wp","href":"https:\/\/api.w.org\/{rel}","templated":true}]}}