{"id":3579,"date":"2022-11-17T18:00:30","date_gmt":"2022-11-17T17:00:30","guid":{"rendered":"https:\/\/dunjouralautre.fr\/?p=3579"},"modified":"2022-12-05T15:48:38","modified_gmt":"2022-12-05T14:48:38","slug":"3579","status":"publish","type":"post","link":"https:\/\/dunjouralautre.fr\/index.php\/2022\/11\/17\/3579\/","title":{"rendered":"Ce n&#8217;est pas fini"},"content":{"rendered":"<p>Quelques r\u00e9flexions \u00e0 propos des \u00e9v\u00e9nements que nous vivons actuellement et qui sont pr\u00e9occupants, aussi bien sur le plan international que national.<\/p>\n<p>A l&#8217;international tout d&#8217;abord. Le plan consistant \u00e0 affaiblir la Russie a bien fonctionn\u00e9 : les Am\u00e9ricains, craignant la r\u00e9ussite des accords de Minsk II qui aurait fait perdre \u00e0 l&#8217;Ukraine deux oblasts importants au point de vue \u00e9conomique et renforcer la Russie, ont jou\u00e9 sur l&#8217;\u00e9chiquier Eurasien, leur pion &#8220;poil \u00e0 gratter&#8221;. En laissant se d\u00e9velopper les liens de l&#8217;OTAN avec les ex-\u00e9tats sovi\u00e9tiques, l&#8217;oncle Sam a agit\u00e9 le chiffon rouge devant le taureau et il n&#8217;a pas fallu longtemps \u00e0 ce dernier pour foncer. Envahissant les r\u00e9publiques autoproclam\u00e9es et les reconnaissant comme telles, de fait, la Russie appliquait -\u00e0 sa fa\u00e7on &#8211; les accords de Minsk II. Ceci pour dire que le plan am\u00e9ricain consistant \u00e0 faire sortir le loup du bois et montrer ce qu&#8217;il a dans le ventre a bien fonctionn\u00e9. Les Am\u00e9ricains et leurs alli\u00e9s OTAN peuvent maintenant \u00e9valuer la force militaire et le r\u00e9seau logistique de l&#8217;arm\u00e9e russe. Il semble que cette force n&#8217;ait plus sa superbe comme durant la guerre froide, c&#8217;est du moins ce que les Russes cherchent peut-\u00eatre \u00e0 nous faire croire. Toujours se m\u00e9fier d&#8217;un animal bless\u00e9.<\/p>\n<pre>Un apart\u00e9 dans la politique nationale : nombreux constatent que la France n'a pas fait appliquer les accords de Minsk II ...\u00a0 n'en trouve-t-on pas la raison dans le fait qu'ils n'\u00e9taient pas \u00e0 l'avantage des Etats-Unis d'Am\u00e9rique qui se veulent \u00eatre la seule puissance h\u00e9g\u00e9monique, \"Un pour les dominer tous\".<\/pre>\n<p>D\u00e8s le mois de f\u00e9vrier 2022, les curieux en g\u00e9opolitique pouvaient pr\u00e9dire que la Russie avancerait pour conqu\u00e9rir les territoires vis\u00e9s par Minsk II et \u00e9tablir une continuit\u00e9 territoriale avec la Crim\u00e9e, prise en 2014. J&#8217;imaginais m\u00eame qu&#8217;elle cherche \u00e0 prendre les territoires bordant la mer Noire \u00f4tant ainsi toute fa\u00e7ade maritime \u00e0 l&#8217;Ukraine et<span style=\"font-family: inherit; font-style: inherit; font-weight: inherit;\"> \u00e9tablir la jonction avec la Transnistrie, \u00e9tat autoproclam\u00e9 ind\u00e9pendant de fait \u00e0 la chute de l&#8217;union sovi\u00e9tique se trouvant sur le sol Moldave. En cela, on peut aussi \u00e9tablir une comparaison avec la r\u00e9publique du Haut-Karabagh. Il semble donc que les revers militaires de la Russie et la combativit\u00e9 des Ukrainiens aient eu raison de ses projets d&#8217;expansion, s&#8217;il eut \u00e9t\u00e9 vrai que ce projet \u00e9tait le leur.\u00a0<\/span><\/p>\n<p>Le Ma\u00eetre du Kremlin a bien jou\u00e9 ses pions. Toutefois, il a montr\u00e9 ses limites. La partie semble se terminer : les nations vont appeler l&#8217;Ukraine \u00e0 faire la paix avec la Russie et tout le monde sera content, sauf Zelenski peut-\u00eatre. Les populations russophones concern\u00e9es en premier lieu verront leurs droits r\u00e9tablis, l&#8217;Ukraine sera un peu plus petite mais aura l&#8217;assurance de rentrer dans l&#8217;Union Europ\u00e9enne et dans l&#8217;OTAN et restera pour un certain temps le jardin de jeu europ\u00e9en de l&#8217;Am\u00e9rique et le grenier \u00e0 bl\u00e9 de l&#8217;Europe. L&#8217;Am\u00e9rique, elle, aura d\u00e9velopp\u00e9 son leadership sur les Europ\u00e9ens et montr\u00e9 de nouveau qu&#8217;ils ne sont rien sans elle. Pire, les \u00e9tats europ\u00e9ens auront divorc\u00e9 les uns des autres et se seront d\u00e9chir\u00e9s sur les probl\u00e9matiques \u00e9nerg\u00e9tiques et de course \u00e0 l&#8217;armement. Le couple franco-allemand sera le grand perdant de ce conflit : la France n&#8217;y aura rien gagn\u00e9 sinon un jeu d&#8217;ombres chinoises mal d\u00e9grossi ou un Guignol, au choix. L&#8217;Allemagne, plus r\u00e9aliste dans l&#8217;analyse des blocs de force, et tel un marin, sent venir le gros grain et se r\u00e9arme rapidement aupr\u00e8s du grand leader qui domine les relations inter\u00e9tatiques et institutionnelles. <span style=\"font-family: inherit; font-style: inherit; font-weight: inherit;\">Toutes les nations sont perdantes dans ce conflit, sauf les Etats-Unis d&#8217;Am\u00e9rique qui augmentent leurs profits sur la vente de l&#8217;\u00e9nergie et du mat\u00e9riel militaire.<\/span><\/p>\n<p>Mais un autre probl\u00e8me se dessine : la volont\u00e9 Ukrainienne de vouloir en finir une bonne fois pour toute avec son voisin russe laisse apercevoir une animosit\u00e9 sans fin qui va jusqu&#8217;\u00e0 l&#8217;obsession. On le voit actuellement avec la r\u00e9action de son pr\u00e9sident M. Zelenski :\u00a0 malgr\u00e9 la flagrance des \u00e9l\u00e9ments du tir tomb\u00e9 en territoire polonais, il soutient que le tir \u00e9tait russe. Soit ! M\u00eame si ce qu&#8217;il dit est vrai, peut-on croire que la Russie attaquerait la Pologne avec UN tir ? Tr\u00eave de plaisanterie. Voil\u00e0 ce qui va se passer : M. Zelenski, comme les autres toutous, va ob\u00e9ir au leadership am\u00e9ricain qui aura siffl\u00e9 la fin de la r\u00e9cr\u00e9. A moins que ce chien fou, \u00e9pris des lumi\u00e8res de la rampe et de l&#8217;aura internationale que le conflit lui a donn\u00e9e s&#8217;ent\u00eate dans son combat. Les Am\u00e9ricains perdraient leur jardin europ\u00e9en et sans leur soutien, je ne donnerai pas cher de l&#8217;Ukraine isol\u00e9e.<\/p>\n<p>Donc le plan pour affaiblir la Russie a bien fonctionn\u00e9 : les forces de l&#8217;OTAN et l&#8217;UE ont pu v\u00e9rifier la vivacit\u00e9 de la b\u00eate et \u00e9tudier son comportement. Il faut toutefois remarquer que le conflit du point de vue russe n&#8217;est pas un conflit, c&#8217;est une &#8220;op\u00e9ration sp\u00e9ciale&#8221;. Les forces en pr\u00e9sence auraient-elles \u00e9t\u00e9 diff\u00e9rentes si le Kremlin avait annonc\u00e9 une guerre ? C&#8217;est fort probable, elle aurait fait usage de ses missiles hypersoniques et de ses missiles tactiques nucl\u00e9aires. Je ne peux pas imaginer que la Russie ne soit pas militairement plus combattive. Il semble qu&#8217;elle se retient : la mobilisation partielle n&#8217;a pas \u00e9t\u00e9 accept\u00e9e par la majorit\u00e9 de la population pour un &#8220;conflit&#8221; contre un fr\u00e8re slave. De plus, le g\u00e9n\u00e9ral Hiver arrive, le Ma\u00eetre du Kremlin a fait reculer ses troupes pour les maintenir sur la rive gauche du Dniepr en position statique, en s\u00e9curit\u00e9. Le temps de former les nouvelles recrues, de construire de nouvelles armes ou d&#8217;en acheter en Iran, en Indes ou en Chine et le printemps sera l\u00e0 qui portera de nouvelles offensives, si le chien fou aboie encore, <span style=\"font-family: inherit; font-style: inherit; font-weight: inherit;\">soyons-en s\u00fbrs.<\/span><\/p>\n<p>La morale de ce conflit c&#8217;est que la Russie a fait par la force ce que les accords de Minsk II auraient \u00e9tabli de droit : les r\u00e9gions seraient devenues autonomes puis apr\u00e8s une p\u00e9riode de temps long <span style=\"font-family: inherit; font-style: inherit; font-weight: inherit;\">ind\u00e9pendantes au moment de l&#8217;adh\u00e9sion de l&#8217;Ukraine \u00e0 l&#8217;OTAN ou \u00e0 l&#8217;UE.\u00a0<\/span><\/p>\n<p>Sur le plan national, TOUT VA BIEN ! La machine &#8220;en m\u00eame temps&#8221; fonctionne \u00e0 fond et fait merveille. Deux sujets\u00a0 d&#8217;actualit\u00e9 : la gestion des migrants de l&#8217;Ocean Vikings et la cr\u00e8che de la Mairie de Beaucaire.<\/p>\n<p>Les Fran\u00e7ais \u00e9bahis n&#8217;en croient pas leurs oreilles : l&#8217;\u00e9tat fran\u00e7ais est incapable d&#8217;assurer le service apr\u00e8s-vente des passeurs et organismes navigateurs. Le ministre Darmanin avait annonc\u00e9 une proc\u00e9dure qui permettrait une \u00e9tude rapide de l&#8217;\u00e9gibilit\u00e9 du migrant au d\u00e9p\u00f4t de sa\u00a0 demande d&#8217;asile sans rentrer sur le territoire fran\u00e7ais en cr\u00e9ant de facto une zone internationale (le centre de vacances).\u00a0 Ce fut un flop ! Trop de demandes d&#8217;un coup dans le d\u00e9lai de 4 jours a embouteill\u00e9 le syst\u00e8me judicaire qui, mis en d\u00e9faut de donner une r\u00e9ponse dans le temps imparti, a jet\u00e9 l&#8217;\u00e9ponge : les migrants ne sont plus tenus de rester dans cette zone. L&#8217;envol\u00e9 rapide de ces nombreux passereaux vers de nouveaux horizons, permis par notre syst\u00e8me de droit, nous laisse pantois et tandis qu&#8217;il laisse les oiseaux s&#8217;envoler, <span style=\"font-family: inherit;\"><span style=\"font-style: inherit; font-weight: inherit;\">M. Darmanin, copiant le &#8220;en m\u00eame temps&#8221; de son ma\u00eetre demande aux pr\u00e9fets la stricte application du contr\u00f4le des OQTF et de leur effet.<\/span><\/span><\/p>\n<p>Aujourd&#8217;hui nous apprenons par les m\u00e9dias qu&#8217;un certain nombre d&#8217;enfants est parti de l&#8217;h\u00f4tel o\u00f9 il \u00e9tait log\u00e9 et la question se pose : comment des enfants migrants abandonn\u00e9s \u00e0 leur sort durant 3 semaines peuvent-ils refuser la protection de la r\u00e9publique, grand pays des droits de l&#8217;Homme, protecteur de la veuve et de l&#8217;orphelin, pays de la libert\u00e9, de l&#8217;\u00e9galit\u00e9, de la fraternit\u00e9, pays de M\u00e9lenchon, Obono, Jaur\u00e8s, de Mend\u00e8s-France, Michelet&#8230; dont la seule pr\u00e9sence sur le territoire fait d&#8217;eux des enfants-rois ? Diantre ! La r\u00e9alit\u00e9 nous montre que ces mineurs non accompagn\u00e9s dits &#8220;isol\u00e9s&#8221; <span style=\"font-family: inherit; font-style: inherit; font-weight: inherit;\">sont certainement bien inform\u00e9s et qu&#8217;ils pr\u00e9f\u00e8rent leur ind\u00e9pendance \u00e0 une assistance souffreteuse. Certains d&#8217;entre eux<\/span><span style=\"font-family: inherit;\"><span style=\"font-style: inherit; font-weight: inherit;\"> se sont faits la belle pour retrouver plus ou moins leur famille \u00e0 l&#8217;\u00e9tranger &#8211; mais en Europe tout de m\u00eame &#8230; Quid de la responsabilit\u00e9 de l&#8217;\u00e9tat en cas de dommage ? De dommage caus\u00e9 par un mineur isol\u00e9 voulant jouer au couteau, par exemple, ou dommage caus\u00e9 \u00e0 un de ces mineurs que l&#8217;\u00e9tat fran\u00e7ais n&#8217;a pas pu &#8211; voulu ? &#8211; prot\u00e9ger ? Ces &#8220;mineurs&#8221; sont maintenant sous les radars et peuvent \u00eatre victimes de tous les trafics que l&#8217;on connait. Mais bon nous verrons bien, en m\u00eame temps nous avons d&#8217;autres chats bien plus <\/span><\/span>importants<span style=\"font-family: inherit;\"><span style=\"font-style: inherit; font-weight: inherit;\"> \u00e0 fouetter, comme les cr\u00e8ches de No\u00ebl en g\u00e9n\u00e9ral et celle de la <a href=\"https:\/\/dunjouralautre.fr\/index.php\/2022\/11\/18\/leglise-mieux-que-la-mairie\/\">mairie de Beaucaire<\/a> en particulier.\u00a0<\/span><\/span><\/p>\n<p>&nbsp;<\/p>\n<p>&nbsp;<\/p>\n<p>&nbsp;<\/p>\n<p>&nbsp;<\/p>\n<p>&nbsp;<\/p>\n<p>&nbsp;<\/p>\n<p>&nbsp;<\/p>\n<p>&nbsp;<\/p>\n<p>&nbsp;<\/p>\n<p>&nbsp;<\/p>\n","protected":false},"excerpt":{"rendered":"<p>Quelques r\u00e9flexions \u00e0 propos des \u00e9v\u00e9nements que nous vivons actuellement et qui sont pr\u00e9occupants, aussi bien sur le plan international que national. A l&#8217;international tout d&#8217;abord. Le plan consistant \u00e0 affaiblir la Russie a bien fonctionn\u00e9 : les Am\u00e9ricains, craignant la r\u00e9ussite des accords de Minsk II qui aurait fait perdre \u00e0 l&#8217;Ukraine deux oblasts [&hellip;]<\/p>\n","protected":false},"author":1,"featured_media":0,"comment_status":"open","ping_status":"open","sticky":false,"template":"","format":"standard","meta":{"footnotes":""},"categories":[1],"tags":[],"class_list":["post-3579","post","type-post","status-publish","format-standard","hentry","category-non-classe"],"_links":{"self":[{"href":"https:\/\/dunjouralautre.fr\/index.php\/wp-json\/wp\/v2\/posts\/3579","targetHints":{"allow":["GET"]}}],"collection":[{"href":"https:\/\/dunjouralautre.fr\/index.php\/wp-json\/wp\/v2\/posts"}],"about":[{"href":"https:\/\/dunjouralautre.fr\/index.php\/wp-json\/wp\/v2\/types\/post"}],"author":[{"embeddable":true,"href":"https:\/\/dunjouralautre.fr\/index.php\/wp-json\/wp\/v2\/users\/1"}],"replies":[{"embeddable":true,"href":"https:\/\/dunjouralautre.fr\/index.php\/wp-json\/wp\/v2\/comments?post=3579"}],"version-history":[{"count":13,"href":"https:\/\/dunjouralautre.fr\/index.php\/wp-json\/wp\/v2\/posts\/3579\/revisions"}],"predecessor-version":[{"id":3663,"href":"https:\/\/dunjouralautre.fr\/index.php\/wp-json\/wp\/v2\/posts\/3579\/revisions\/3663"}],"wp:attachment":[{"href":"https:\/\/dunjouralautre.fr\/index.php\/wp-json\/wp\/v2\/media?parent=3579"}],"wp:term":[{"taxonomy":"category","embeddable":true,"href":"https:\/\/dunjouralautre.fr\/index.php\/wp-json\/wp\/v2\/categories?post=3579"},{"taxonomy":"post_tag","embeddable":true,"href":"https:\/\/dunjouralautre.fr\/index.php\/wp-json\/wp\/v2\/tags?post=3579"}],"curies":[{"name":"wp","href":"https:\/\/api.w.org\/{rel}","templated":true}]}}