{"id":3589,"date":"2022-11-18T14:07:09","date_gmt":"2022-11-18T13:07:09","guid":{"rendered":"https:\/\/dunjouralautre.fr\/?p=3589"},"modified":"2023-11-07T10:25:48","modified_gmt":"2023-11-07T09:25:48","slug":"leglise-mieux-que-la-mairie","status":"publish","type":"post","link":"https:\/\/dunjouralautre.fr\/index.php\/2022\/11\/18\/leglise-mieux-que-la-mairie\/","title":{"rendered":"Le maire dans la cr\u00e8che, Beaucaire."},"content":{"rendered":"<p>Le No\u00ebl Proven\u00e7al c&#8217;est de la magie qui rentre dans les c\u0153urs des grands et des petits. Celui qui ne connait pas l&#8217;importance de la p\u00e9riode calendale en Provence, ne connait rien. La tradition du No\u00ebl Proven\u00e7al est tellement vivante que chaque foyer se fait une joie d&#8217;y r\u00e9pondre : le repas maigre, le gros souper, le Cache Fiou, les 13 desserts, les trois nappes &#8230;\u00a0 la cr\u00e8che !\u00a0 En Provence, la fabrique de santons est plus artisanale qu&#8217;industrielle et nombreuses sont les foires aux santons qui rapportent l&#8217;essentiel des revenus aux santonniers. En Provence il n&#8217;est pas besoin de croire \u00e0 quoi que ce soit pour participer \u00e0 cette magie que l&#8217;on retrouve aussi dans les spectacles comme la Pastorale de Maurel car il s&#8217;agit plus d&#8217;un conte sur la Provence et de ses habitants que du r\u00e9cit de la Nativit\u00e9. En vrai, c&#8217;est du domaine de l&#8217;identitaire ! Fifres, tambourins et galoubets chantent dans les oreilles pour No\u00ebl le folklore Proven\u00e7al. La cr\u00e8che, traditionnellement se fait dans toutes les \u00e9glises. Ce tableau permettait de prendre connaissance de la sc\u00e8ne de la nativit\u00e9 de l&#8217;enfant-Dieu \u00e0 une \u00e9poque o\u00f9 lire et livres \u00e9taient rares. Y figurent : J\u00e9sus nouveau-n\u00e9, Marie, Joseph, l&#8217;ange Boufar\u00e8u, les bergers et beaucoup d&#8217;animaux : un \u00e2ne, un b\u0153uf, des moutons et quelques chiens. C&#8217;est un paysage champ\u00eatre dans lequel se tient un abri de fortune o\u00f9 le malheureux couple se sera r\u00e9fugi\u00e9 pour la naissance de l&#8217;enfant. Plus tard, viendront les trois rois mages qui compl\u00e8teront le tableau. Voil\u00e0 pour les personnages &#8220;bibliques&#8221;. Et comme nous sommes en Provence, les Proven\u00e7aux y sont aussi pr\u00e9sents : le ravi, le puisatier, le boulanger, l&#8217;aveugle et son fils, la poissonni\u00e8re, le boumian et la boumiane, le pistachi\u00e9, le cur\u00e9&#8230;\u00a0 et le maire ! La cr\u00e8che Proven\u00e7ale met \u00e0 l&#8217;honneur l&#8217;\u00e9dile de la ville et la soci\u00e9t\u00e9 civile. Qu&#8217;est-ce qui nous permet de penser que ce tableau qui retrace tout simplement une aventure humaine de pauvres gens d\u00e9pourvus de l&#8217;accueil chaleureux d&#8217;une famille aimante, tels des migrants dans un pays inconnu, n&#8217;a pas sa place dans une mairie de Provence ? Si le maire de Beaucaire se veut dans la cr\u00e8che en mairie, grand bien lui fasse ! Ah beleu que l&#8217;estranger du nord, l&#8217;esprit un peu coinc\u00e9, n&#8217;adh\u00e8re pas au folklore des gens d&#8217;ici et voit dans l&#8217;esp\u00e8ce une entorse \u00e0 Sainte-La\u00efcit\u00e9. Pauvre de lui ! La cr\u00e8che Proven\u00e7ale issue de la tradition et du folklore n&#8217;est jamais qu&#8217;une photo de la vie d&#8217;aujourd&#8217;hui et d&#8217;ici peu de temps de nouveaux personnages se joindront aux anciens, parmi lesquels les migrants, accueillis comme il se doit par une population Proven\u00e7ale heureuse de perp\u00e9tuer son identit\u00e9 et son folklore et de f\u00eater No\u00ebl selon ses traditions.<\/p>\n<p>On peut aussi faire le pendant avec la corrida, abominable pratique, bien moins populaire et ancienne que la cr\u00e8che Proven\u00e7ale. La corrida qui fait l&#8217;apologie de la souffrance animale et met en sc\u00e8ne des barbares acclam\u00e9s par des aficionados \u00e9cervel\u00e9s b\u00e9n\u00e9ficie d&#8217;une exception l\u00e9gale car &#8220;tradition&#8221; mais ce n&#8217;est pas une tradition de chez moi, les gens en Provence ne sont pas des barbares et n&#8217;aiment pas faire souffrir les b\u00eates.<\/p>\n<p>Je pense qu&#8217;il est juste de s&#8217;interroger sur la coh\u00e9rence de notre syst\u00e8me, la r\u00e9ponse se trouve certainement dans le &#8220;en m\u00eame temps&#8221; si cher \u00e0 ce pays.<\/p>\n","protected":false},"excerpt":{"rendered":"<p>Le No\u00ebl Proven\u00e7al c&#8217;est de la magie qui rentre dans les c\u0153urs des grands et des petits. Celui qui ne connait pas l&#8217;importance de la p\u00e9riode calendale en Provence, ne connait rien. La tradition du No\u00ebl Proven\u00e7al est tellement vivante que chaque foyer se fait une joie d&#8217;y r\u00e9pondre : le repas maigre, le gros [&hellip;]<\/p>\n","protected":false},"author":1,"featured_media":0,"comment_status":"open","ping_status":"open","sticky":false,"template":"","format":"standard","meta":{"footnotes":""},"categories":[1],"tags":[],"class_list":["post-3589","post","type-post","status-publish","format-standard","hentry","category-non-classe"],"_links":{"self":[{"href":"https:\/\/dunjouralautre.fr\/index.php\/wp-json\/wp\/v2\/posts\/3589","targetHints":{"allow":["GET"]}}],"collection":[{"href":"https:\/\/dunjouralautre.fr\/index.php\/wp-json\/wp\/v2\/posts"}],"about":[{"href":"https:\/\/dunjouralautre.fr\/index.php\/wp-json\/wp\/v2\/types\/post"}],"author":[{"embeddable":true,"href":"https:\/\/dunjouralautre.fr\/index.php\/wp-json\/wp\/v2\/users\/1"}],"replies":[{"embeddable":true,"href":"https:\/\/dunjouralautre.fr\/index.php\/wp-json\/wp\/v2\/comments?post=3589"}],"version-history":[{"count":6,"href":"https:\/\/dunjouralautre.fr\/index.php\/wp-json\/wp\/v2\/posts\/3589\/revisions"}],"predecessor-version":[{"id":3599,"href":"https:\/\/dunjouralautre.fr\/index.php\/wp-json\/wp\/v2\/posts\/3589\/revisions\/3599"}],"wp:attachment":[{"href":"https:\/\/dunjouralautre.fr\/index.php\/wp-json\/wp\/v2\/media?parent=3589"}],"wp:term":[{"taxonomy":"category","embeddable":true,"href":"https:\/\/dunjouralautre.fr\/index.php\/wp-json\/wp\/v2\/categories?post=3589"},{"taxonomy":"post_tag","embeddable":true,"href":"https:\/\/dunjouralautre.fr\/index.php\/wp-json\/wp\/v2\/tags?post=3589"}],"curies":[{"name":"wp","href":"https:\/\/api.w.org\/{rel}","templated":true}]}}