{"id":3664,"date":"2022-12-05T18:10:48","date_gmt":"2022-12-05T17:10:48","guid":{"rendered":"https:\/\/dunjouralautre.fr\/?p=3664"},"modified":"2022-12-09T08:51:06","modified_gmt":"2022-12-09T07:51:06","slug":"noel-a-la-bougie","status":"publish","type":"post","link":"https:\/\/dunjouralautre.fr\/index.php\/2022\/12\/05\/noel-a-la-bougie\/","title":{"rendered":"No\u00ebl \u00e0 la bougie"},"content":{"rendered":"<p>Apr\u00e8s le flop de la gestion des migrants du bateau <em>Ocean Viking<\/em>, le gouvernement Borne nous pr\u00e9pare non pas \u00e0 un &#8220;retour vers le futur&#8221; mais \u00e0 un retour dans le pass\u00e9. La gestion du parc nucl\u00e9aire civil fran\u00e7ais est tellement bien men\u00e9e, que diff\u00e9rents facteurs <strong>cons\u00e9cutifs<\/strong> en temps et se combinant, mettent en faillite notre souverainet\u00e9 \u00e9nerg\u00e9tique, qui, selon les dires de Madame Marl\u00e8ne SCHIAPPA, fait l&#8217;objet des efforts de notre Pr\u00e9sident, M. Macron et vont nous contraindre \u00e0 nous \u00e9clairer \u00e0 la bougie et \u00e0 nous chauffer, pour les chanceux qui poss\u00e8dent une chemin\u00e9e, au feu de bois.<\/p>\n<p>Le premier facteur est d&#8217;ordre <strong>politique et administratif<\/strong>. Il est \u00e0 relever que notre syst\u00e8me voulu par le g\u00e9n\u00e9ral De Gaulle nous assurait une certaine ind\u00e9pendance \u00e9nerg\u00e9tique \u00e0 un prix accessible par tous les Fran\u00e7ais. Ce <strong>fleuron \u00e9nerg\u00e9tique<\/strong>\u00a0populaire n&#8217;a pas plu aux \u00e9cologistes et peu d&#8217;entre eux se souciaient de son accessibilit\u00e9 aux plus d\u00e9munis. Copiant leurs coll\u00e8gues Allemands, les &#8220;Verts&#8221; obtinrent, gr\u00e2ce \u00e0 des recettes \u00e9lectorales, la promesse de l&#8217;arr\u00eat et du d\u00e9mant\u00e8lement \u00e0 plus ou moins moyen terme des centrales nucl\u00e9aires fran\u00e7aises.<\/p>\n<p>A compter de ce moment-l\u00e0, la fili\u00e8re nucl\u00e9aire se voyant sans avenir, ne chercha plus \u00e0 investir dans les ressources, qu&#8217;elles soient humaines (formation) ou mat\u00e9rielles (maintenance) et nos jeunes ing\u00e9nieurs, soudeurs et\u00a0 techniciens hautement sp\u00e9cialis\u00e9s dans un savoir-faire rare, s&#8217;expatri\u00e8rent petit \u00e0 petit, laissant une garde vieillissante accompagner ces dames condamn\u00e9es, auxquelles nous devons malgr\u00e9 tout une certaine maintenance technique, maintenance qui implique un arr\u00eat d&#8217;exploitation.<\/p>\n<p>Actuellement, sur 58 r\u00e9acteurs r\u00e9partis sur 19 sites, une bonne vingtaine sont arr\u00eat\u00e9s pour travaux de maintenance. On peut s&#8217;interroger de savoir pourquoi les maintenances qui peuvent \u00eatre programm\u00e9es n&#8217;ont pas \u00e9t\u00e9 plus \u00e9tal\u00e9es dans le temps. Quelques-uns (deux ?) sont \u00e0 l&#8217;arr\u00eat <span style=\"font-family: inherit; font-style: inherit; font-weight: inherit;\">\u00a0pour probl\u00e8me inattendu tel que les &#8220;fissures&#8221; ou &#8220;corrosions sous contraintes&#8221;.\u00a0<\/span><\/p>\n<p>&nbsp;<\/p>\n<p>Le second facteur est d&#8217;ordre <strong>\u00e9conomique<\/strong>, sur deux plans : mondial et europ\u00e9en.<\/p>\n<p>1 Les &#8220;Verts&#8221; n&#8217;\u00e9taient pas les seuls \u00e0 vouloir la peau de notre ind\u00e9pendance \u00e9nerg\u00e9tique. Il faut savoir que dans notre monde, nous sommes soit des dominants, soit des domin\u00e9s. C&#8217;est la loi, et le droit, m\u00eame et surtout international, n&#8217;y changera rien. Il est des pays qui ne rapportent pas assez. Des pays qui sont auto-suffisants et qui donc ne participent pas aux \u00e9changes et flux \u00e9nerg\u00e9tiques, financiers et mon\u00e9taires internationaux. Ces mauvais joueurs doivent comme les autres pays rentrer en concurrence et payer pour que d&#8217;autres pays s&#8217;enrichissent. Je vous parlais du dominant et du domin\u00e9 : le dominant c&#8217;est bien \u00e9videmment le pays fort, qui n&#8217;a pas besoin d&#8217;acheter son \u00e9nergie, il est auto-suffisant en tout, \u00e9conomiquement, militairement, culturellement, financi\u00e8rement. Il b\u00e9n\u00e9ficie du leadership et s&#8217;il d\u00e9cide quelque chose, rien ne l&#8217;arr\u00eate. Il agit pour ses seuls int\u00e9r\u00eats. Les int\u00e9r\u00eats du dominant, de la <strong>puissance h\u00e9g\u00e9monique<\/strong>,\u00a0 c&#8217;est de vendre et de vendre cher ce qu&#8217;il a \u00e0 vendre. Qu&#8217;un pays ne lui ach\u00e8te rien et il fera en sorte d&#8217;aspirer les forces vitales de ce pays. Une fois \u00e0 terre le pays affaibli ne pourra qu&#8217;accepter le deal du dominant pour se relever. Mais attention ! Le pays domin\u00e9 doit pouvoir payer, c&#8217;est \u00e0 dire qu&#8217;il doit \u00eatre en capacit\u00e9 de payer en s&#8217;assurant le pr\u00e9l\u00e8vement de l&#8217;imp\u00f4t. Un pays exsangue, sans capacit\u00e9 de paiement, n&#8217;est pas une cible.\u00a0 La France conserve sa capacit\u00e9 \u00e0 &#8220;lever&#8221; l&#8217;imp\u00f4t, elle a un actif important qui peut servir de garantie au paiement.\u00a0 Elle est, de fait, en train de glisser car la crise \u00e9nerg\u00e9tique que nous traversons actuellement nous affaiblit substantiellement. Le &#8220;<strong>quoi qu&#8217;il en co\u00fbte<\/strong>&#8221; de la gestion de l&#8217;\u00e9pid\u00e9mie de covid-19 a cram\u00e9 la caisse de l&#8217;\u00e9tat et a endett\u00e9 les Fran\u00e7ais pour de nombreuses ann\u00e9es, ce qui a pour cons\u00e9quence l&#8217;affaiblissement des capacit\u00e9s d&#8217;emprunt de l&#8217;\u00e9tat fran\u00e7ais sur les march\u00e9s financiers. Si aujourd&#8217;hui la France devait faire face \u00e0 une seconde pand\u00e9mie mondiale, faire un effort tr\u00e8s cons\u00e9quent en mati\u00e8re d&#8217;armement ou r\u00e9pondre \u00e0 une agression militaire, si elle devait emprunter plusieurs centaines de milliards pour faire face, le pourrait-elle encore ?<\/p>\n<p>2 Le second volet du facteur \u00e9conomique est notre adh\u00e9sion ou soumission aux r\u00e8gles de l&#8217;<strong>Union Europ\u00e9enne<\/strong>. La France doit se d\u00e9shabiller et donner ses v\u00eatements aux autres. Soit, d\u00e9shabillons-la ! Mais quid de ce principe pour certains pays de l&#8217;UE, tel l&#8217;Allemagne qui commande des avions militaires aux US ? Mais ce n&#8217;est pas le m\u00eame domaine.<\/p>\n<p>Le troisi\u00e8me facteur est le <strong>conflit<\/strong> entre les Russes et les Ukrainiens.<\/p>\n<p>Imaginons un instant que ce conflit ait d\u00e9but\u00e9 avant la transition \u00e9nerg\u00e9tique de notre pays et avant la mise en application de cette absurde r\u00e8gle europ\u00e9enne. Certes, l&#8217;UE aurait bloqu\u00e9 les ventes de gaz, puis de p\u00e9trole provenant de Russie. Notre pays France en aurait-il \u00e9t\u00e9 impact\u00e9 ? Bien s\u00fbr que non ! De plus nous aurions vendu de l&#8217;\u00e9lectricit\u00e9 peu ch\u00e8re \u00e0 notre voisin allemand.<\/p>\n<p>Ce conflit, voulu et planifi\u00e9 gr\u00e2ce aux accords de Minsk II et \u00e0 leur non application, est le troisi\u00e8me facteur\u00a0<strong>concomitant<\/strong><span style=\"font-family: inherit;\"><span style=\"font-style: inherit; font-weight: inherit;\">\u00a0 qui permet l&#8217; effet voulu dont les cons\u00e9quences sont un affaiblissement \u00e9conomique sans <\/span><\/span>pr\u00e9c\u00e9dent<span style=\"font-family: inherit;\"><span style=\"font-style: inherit; font-weight: inherit;\"> de notre pays. Les crises sociales (r\u00e9forme des retraites, <\/span><\/span>transports, inflation, immigration) <span style=\"font-family: inherit;\"><span style=\"font-style: inherit; font-weight: inherit;\">\u00a0qui d\u00e9couleront de cette situation vont finir par achever le syst\u00e8me national et le mettre \u00e0 l&#8217;os.<\/span><\/span><\/p>\n<p>R\u00e9alisant tardivement la fin de l&#8217;ind\u00e9pendance \u00e9nerg\u00e9tique de la France, le pr\u00e9sident Macron a lanc\u00e9 en fin d&#8217;ann\u00e9e 2021 un programme de construction de mini-centrales pour pallier les manques. Un peu trop tard \u00e0 mon avis. Nous n&#8217;en avons pratiquement plus le savoir-faire et nous n&#8217;en aurons plus les moyens dans peu de temps (l&#8217;endettement de la France est \u00e9norme).<\/p>\n<p>La start-up nation qui s&#8217;\u00e9claire \u00e0 la bougie.<\/p>\n","protected":false},"excerpt":{"rendered":"<p>Apr\u00e8s le flop de la gestion des migrants du bateau Ocean Viking, le gouvernement Borne nous pr\u00e9pare non pas \u00e0 un &#8220;retour vers le futur&#8221; mais \u00e0 un retour dans le pass\u00e9. La gestion du parc nucl\u00e9aire civil fran\u00e7ais est tellement bien men\u00e9e, que diff\u00e9rents facteurs cons\u00e9cutifs en temps et se combinant, mettent en faillite [&hellip;]<\/p>\n","protected":false},"author":1,"featured_media":0,"comment_status":"open","ping_status":"open","sticky":false,"template":"single-full.php","format":"standard","meta":{"footnotes":""},"categories":[7],"tags":[],"class_list":["post-3664","post","type-post","status-publish","format-standard","hentry","category-veillons"],"_links":{"self":[{"href":"https:\/\/dunjouralautre.fr\/index.php\/wp-json\/wp\/v2\/posts\/3664","targetHints":{"allow":["GET"]}}],"collection":[{"href":"https:\/\/dunjouralautre.fr\/index.php\/wp-json\/wp\/v2\/posts"}],"about":[{"href":"https:\/\/dunjouralautre.fr\/index.php\/wp-json\/wp\/v2\/types\/post"}],"author":[{"embeddable":true,"href":"https:\/\/dunjouralautre.fr\/index.php\/wp-json\/wp\/v2\/users\/1"}],"replies":[{"embeddable":true,"href":"https:\/\/dunjouralautre.fr\/index.php\/wp-json\/wp\/v2\/comments?post=3664"}],"version-history":[{"count":6,"href":"https:\/\/dunjouralautre.fr\/index.php\/wp-json\/wp\/v2\/posts\/3664\/revisions"}],"predecessor-version":[{"id":3674,"href":"https:\/\/dunjouralautre.fr\/index.php\/wp-json\/wp\/v2\/posts\/3664\/revisions\/3674"}],"wp:attachment":[{"href":"https:\/\/dunjouralautre.fr\/index.php\/wp-json\/wp\/v2\/media?parent=3664"}],"wp:term":[{"taxonomy":"category","embeddable":true,"href":"https:\/\/dunjouralautre.fr\/index.php\/wp-json\/wp\/v2\/categories?post=3664"},{"taxonomy":"post_tag","embeddable":true,"href":"https:\/\/dunjouralautre.fr\/index.php\/wp-json\/wp\/v2\/tags?post=3664"}],"curies":[{"name":"wp","href":"https:\/\/api.w.org\/{rel}","templated":true}]}}