{"id":4497,"date":"2023-08-04T12:55:11","date_gmt":"2023-08-04T10:55:11","guid":{"rendered":"https:\/\/dunjouralautre.fr\/?p=4497"},"modified":"2023-08-04T12:56:55","modified_gmt":"2023-08-04T10:56:55","slug":"situation-a-lete-2023","status":"publish","type":"post","link":"https:\/\/dunjouralautre.fr\/index.php\/2023\/08\/04\/situation-a-lete-2023\/","title":{"rendered":"Situation \u00e0 l&#8217;\u00e9t\u00e9 2023"},"content":{"rendered":"<p>&nbsp;<\/p>\n<p>La plan\u00e8te est toujours divis\u00e9e en deux blocs.<\/p>\n<p>Et l&#8217;h\u00e9g\u00e9monie des Etats-Unis d&#8217;Am\u00e9rique semble s&#8217;amenuiser : les d\u00e9mocrates sont au pouvoir et les scandales li\u00e9s \u00e0 la famille BIDEN sont toujours d&#8217;actualit\u00e9. Le leader-ship am\u00e9ricain n&#8217;existe pratiquement plus. La Russie en profite en d\u00e9veloppant sa sph\u00e8re d&#8217;influence vers les BICS et pays Africains.<\/p>\n<p>Outre le conflit europ\u00e9en entre l&#8217;Ukraine et la Russie qui fait de tr\u00e8s nombreux morts et d\u00e9g\u00e2ts, il semblerait qu&#8217;un autre conflit soit en train de na\u00eetre au Sahel. En effet, le coup d&#8217;\u00e9tat au Niger, plus ou moins aid\u00e9 par la Russie, enrichi par le fort ressentiment post-colonialiste occidental- ressentiment partag\u00e9 avec les pays voisins du Niger tels que le Burkina-Fasso, le Mali&#8230; et peut-\u00eatre m\u00eame l&#8217;Alg\u00e9rie (elle a interdit son espace a\u00e9rien aux avions militaires fran\u00e7ais) &#8211; met en danger les int\u00e9r\u00eats \u00e9conomiques, \u00e9nerg\u00e9tiques des pays occidentaux. La Russie s&#8217;en frotte les mains&#8230; Le Pr\u00e9sident l\u00e9gitime du Niger, Mohamed BAZOUM, sollicite les Etats-Unis et appelle \u00e0 r\u00e9tablir l&#8217;ordre constitutionnel. Wait and see.<\/p>\n<p>Les yeux ne sont plus riv\u00e9s sur l&#8217;Ukraine mais ailleurs et c&#8217;est ce qu&#8217;il fallait pour que Poutine renforce sa sph\u00e8re d&#8217;influence : dans quelques jours une conf\u00e9rence dans les pays du Golfe https:\/\/www.rtbf.be\/article\/guerre-en-ukraine-l-arabie-saoudite-accueillera-des-discussions-autour-d-un-plan-de-paix-en-ukraine-11235649 proposera un accord entre Poutine et Zelenski. Ce dernier, l\u00e2ch\u00e9 par ses amis occidentaux, sera contraint d&#8217;accepter. La Russie, \u00e9tant arriv\u00e9 \u00e0 ses fins (lib\u00e9rer les r\u00e9publiques du Donbass, conserver la Crim\u00e9e, et &#8220;russifier&#8221; une bande jusqu&#8217;\u00e0 Odessa) et priver quasiment l&#8217;Ukraine de son acc\u00e8s \u00e0 la mer Noire, acceptera cet accord.<\/p>\n<p>Le prochain \u00e9pisode consistera pour la Russie \u00e0 faire la jonction entre cette bande &#8220;russifi\u00e9e&#8221; jusqu&#8217;\u00e0 la Moldavie &#8211;\u00a0 afin d&#8217;enclaver totalement l&#8217;Ukraine et la couper d\u00e9finitivement de son acc\u00e8s maritime.<\/p>\n<figure id=\"attachment_4498\" aria-describedby=\"caption-attachment-4498\" style=\"width: 467px\" class=\"wp-caption aligncenter\"><img fetchpriority=\"high\" decoding=\"async\" class=\" wp-image-4498\" src=\"https:\/\/dunjouralautre.fr\/wp-content\/uploads\/2023\/08\/AM4BB35XFRNEH7GZAKZWCWJCOI-300x200.jpg\" alt=\"\" width=\"467\" height=\"311\" srcset=\"https:\/\/dunjouralautre.fr\/wp-content\/uploads\/2023\/08\/AM4BB35XFRNEH7GZAKZWCWJCOI-300x200.jpg 300w, https:\/\/dunjouralautre.fr\/wp-content\/uploads\/2023\/08\/AM4BB35XFRNEH7GZAKZWCWJCOI-1024x682.jpg 1024w, https:\/\/dunjouralautre.fr\/wp-content\/uploads\/2023\/08\/AM4BB35XFRNEH7GZAKZWCWJCOI-768x512.jpg 768w, https:\/\/dunjouralautre.fr\/wp-content\/uploads\/2023\/08\/AM4BB35XFRNEH7GZAKZWCWJCOI-1536x1024.jpg 1536w, https:\/\/dunjouralautre.fr\/wp-content\/uploads\/2023\/08\/AM4BB35XFRNEH7GZAKZWCWJCOI-350x233.jpg 350w, https:\/\/dunjouralautre.fr\/wp-content\/uploads\/2023\/08\/AM4BB35XFRNEH7GZAKZWCWJCOI.jpg 2000w\" sizes=\"(max-width: 467px) 100vw, 467px\" \/><figcaption id=\"caption-attachment-4498\" class=\"wp-caption-text\">La Transnistrie, peupl\u00e9e de 500 000 habitants, est une bande de terre entre le fleuve Dniest et l&#8217;Ukraine.<\/figcaption><\/figure>\n<p>&nbsp;<\/p>\n<p>En ce qui concerne la situation du corridor de Latchine qui permet la liaison entre la r\u00e9publique auto-proclam\u00e9e du Haut-Karabagh, Haut-<em>Karabakh<\/em>\u00a0ou\u00a0<em>Artsakh<\/em>, et l&#8217;Arm\u00e9nie, sa patrie-m\u00e8re, elle n&#8217;a pas chang\u00e9. Les 120 000 Arm\u00e9niens du Haut-Karabakh sont toujours priv\u00e9s de libert\u00e9s les plus \u00e9l\u00e9mentaires. Depuis plus de sept mois, l\u2019Azerba\u00efdjan bloque le corridor de Latchine, seul point de passage entre le Haut-Karabakh et l\u2019Arm\u00e9nie depuis la guerre de 2020. L\u2019Azerba\u00efdjan a drastiquement renforc\u00e9 le blocus depuis la mi-juin. M\u00eame les livraisons d\u2019aide ne passent quasiment plus, faisant peser la menace d\u2019une catastrophe humanitaire.<\/p>\n<p>Mais \u00e7a, personne n&#8217;en parle&#8230;<\/p>\n<p>Ta\u00efwan et la Chine, RAS, statu quo ante.<\/p>\n<p>En France c&#8217;est le chaos et le pouvoir s&#8217;amuse \u00e0 mettre la poussi\u00e8re sous le tapis.<\/p>\n<p>Circulez ! Y a rien \u00e0 voir !<\/p>\n<p>Sinon, les glaciers continuent de fondre ainsi que la calotte glaciaire&#8230;<\/p>\n<p>&nbsp;<\/p>\n","protected":false},"excerpt":{"rendered":"<p>&nbsp; La plan\u00e8te est toujours divis\u00e9e en deux blocs. Et l&#8217;h\u00e9g\u00e9monie des Etats-Unis d&#8217;Am\u00e9rique semble s&#8217;amenuiser : les d\u00e9mocrates sont au pouvoir et les scandales li\u00e9s \u00e0 la famille BIDEN sont toujours d&#8217;actualit\u00e9. Le leader-ship am\u00e9ricain n&#8217;existe pratiquement plus. La Russie en profite en d\u00e9veloppant sa sph\u00e8re d&#8217;influence vers les BICS et pays Africains. Outre [&hellip;]<\/p>\n","protected":false},"author":1,"featured_media":0,"comment_status":"open","ping_status":"open","sticky":false,"template":"","format":"standard","meta":{"footnotes":""},"categories":[7],"tags":[],"class_list":["post-4497","post","type-post","status-publish","format-standard","hentry","category-veillons"],"_links":{"self":[{"href":"https:\/\/dunjouralautre.fr\/index.php\/wp-json\/wp\/v2\/posts\/4497","targetHints":{"allow":["GET"]}}],"collection":[{"href":"https:\/\/dunjouralautre.fr\/index.php\/wp-json\/wp\/v2\/posts"}],"about":[{"href":"https:\/\/dunjouralautre.fr\/index.php\/wp-json\/wp\/v2\/types\/post"}],"author":[{"embeddable":true,"href":"https:\/\/dunjouralautre.fr\/index.php\/wp-json\/wp\/v2\/users\/1"}],"replies":[{"embeddable":true,"href":"https:\/\/dunjouralautre.fr\/index.php\/wp-json\/wp\/v2\/comments?post=4497"}],"version-history":[{"count":4,"href":"https:\/\/dunjouralautre.fr\/index.php\/wp-json\/wp\/v2\/posts\/4497\/revisions"}],"predecessor-version":[{"id":4503,"href":"https:\/\/dunjouralautre.fr\/index.php\/wp-json\/wp\/v2\/posts\/4497\/revisions\/4503"}],"wp:attachment":[{"href":"https:\/\/dunjouralautre.fr\/index.php\/wp-json\/wp\/v2\/media?parent=4497"}],"wp:term":[{"taxonomy":"category","embeddable":true,"href":"https:\/\/dunjouralautre.fr\/index.php\/wp-json\/wp\/v2\/categories?post=4497"},{"taxonomy":"post_tag","embeddable":true,"href":"https:\/\/dunjouralautre.fr\/index.php\/wp-json\/wp\/v2\/tags?post=4497"}],"curies":[{"name":"wp","href":"https:\/\/api.w.org\/{rel}","templated":true}]}}