{"id":4516,"date":"2023-10-28T09:53:10","date_gmt":"2023-10-28T07:53:10","guid":{"rendered":"https:\/\/dunjouralautre.fr\/?p=4516"},"modified":"2026-04-10T11:48:37","modified_gmt":"2026-04-10T09:48:37","slug":"pain-au-levain","status":"publish","type":"post","link":"https:\/\/dunjouralautre.fr\/index.php\/2023\/10\/28\/pain-au-levain\/","title":{"rendered":"Pain au levain"},"content":{"rendered":"<p>22 aout 2023, notre boulanger de LA FAURIE (05) a ferm\u00e9.<\/p>\r\n<p>J&#8217;ai donc d\u00e9cid\u00e9 de faire mon propre pain au levain.<\/p>\r\n<p>JOUR 1<\/p>\r\n<p>Dans un bocal en verre que j&#8217;ai pr\u00e9alablement pes\u00e9, j&#8217;ai mis le m\u00e9lange suivant : 40 gr d&#8217;eau, 40 gr de farine de seigle bio fine, 1 petite cuill\u00e8re \u00e0 caf\u00e9 de miel. Le m\u00e9lange est p\u00e2teux et non liquide. La temp\u00e9rature de la pi\u00e8ce est d&#8217;environ 26 \u00e0 27\u00b0 (canicule).<\/p>\r\n<p><img fetchpriority=\"high\" decoding=\"async\" class=\" wp-image-4517 aligncenter\" src=\"https:\/\/dunjouralautre.fr\/wp-content\/uploads\/2023\/08\/1IMG_9462-300x225.jpg\" alt=\"\" width=\"506\" height=\"379\" srcset=\"https:\/\/dunjouralautre.fr\/wp-content\/uploads\/2023\/08\/1IMG_9462-300x225.jpg 300w, https:\/\/dunjouralautre.fr\/wp-content\/uploads\/2023\/08\/1IMG_9462-1024x768.jpg 1024w, https:\/\/dunjouralautre.fr\/wp-content\/uploads\/2023\/08\/1IMG_9462-768x576.jpg 768w, https:\/\/dunjouralautre.fr\/wp-content\/uploads\/2023\/08\/1IMG_9462-1536x1152.jpg 1536w, https:\/\/dunjouralautre.fr\/wp-content\/uploads\/2023\/08\/1IMG_9462-350x263.jpg 350w, https:\/\/dunjouralautre.fr\/wp-content\/uploads\/2023\/08\/1IMG_9462.jpg 2016w\" sizes=\"(max-width: 506px) 100vw, 506px\" \/><\/p>\r\n<p>JOUR2<\/p>\r\n<p>Le lendemain matin, j&#8217;aper\u00e7ois de fines bulles.<img decoding=\"async\" class=\"wp-image-4519 aligncenter\" src=\"https:\/\/dunjouralautre.fr\/wp-content\/uploads\/2023\/08\/3IMG_9464-300x225.jpg\" alt=\"\" width=\"471\" height=\"353\" srcset=\"https:\/\/dunjouralautre.fr\/wp-content\/uploads\/2023\/08\/3IMG_9464-300x225.jpg 300w, https:\/\/dunjouralautre.fr\/wp-content\/uploads\/2023\/08\/3IMG_9464-1024x768.jpg 1024w, https:\/\/dunjouralautre.fr\/wp-content\/uploads\/2023\/08\/3IMG_9464-768x576.jpg 768w, https:\/\/dunjouralautre.fr\/wp-content\/uploads\/2023\/08\/3IMG_9464-1536x1152.jpg 1536w, https:\/\/dunjouralautre.fr\/wp-content\/uploads\/2023\/08\/3IMG_9464-350x263.jpg 350w, https:\/\/dunjouralautre.fr\/wp-content\/uploads\/2023\/08\/3IMG_9464.jpg 2016w\" sizes=\"(max-width: 471px) 100vw, 471px\" \/><\/p>\r\n<p>Deux heures plus tard, les bulles ont franchement bien grossi.<\/p>\r\n<p><img decoding=\"async\" class=\"wp-image-4518 aligncenter\" src=\"https:\/\/dunjouralautre.fr\/wp-content\/uploads\/2023\/08\/4IMG_9465-300x225.jpg\" alt=\"\" width=\"527\" height=\"395\" srcset=\"https:\/\/dunjouralautre.fr\/wp-content\/uploads\/2023\/08\/4IMG_9465-300x225.jpg 300w, https:\/\/dunjouralautre.fr\/wp-content\/uploads\/2023\/08\/4IMG_9465-1024x768.jpg 1024w, https:\/\/dunjouralautre.fr\/wp-content\/uploads\/2023\/08\/4IMG_9465-768x576.jpg 768w, https:\/\/dunjouralautre.fr\/wp-content\/uploads\/2023\/08\/4IMG_9465-1536x1152.jpg 1536w, https:\/\/dunjouralautre.fr\/wp-content\/uploads\/2023\/08\/4IMG_9465-350x263.jpg 350w, https:\/\/dunjouralautre.fr\/wp-content\/uploads\/2023\/08\/4IMG_9465.jpg 2016w\" sizes=\"(max-width: 527px) 100vw, 527px\" \/><\/p>\r\n<p>Je vais effectuer mon <strong>premier rafra\u00eechi <\/strong>-c&#8217;est le terme employ\u00e9 pour faire se d\u00e9velopper le levain, c&#8217;est \u00e0 dire le nourrir.<\/p>\r\n<p>Je vais peser le bocal et retrancher du r\u00e9sultat le poids \u00e0 vide.<\/p>\r\n<p>Je trouve une diff\u00e9rence de 87 gr.<\/p>\r\n<p>Je divise en deux ce r\u00e9sultat, soit 43, ce qui me donne le poids total du m\u00e9lange farine de seigle\/eau que je dois rajouter dans mon bocal.<\/p>\r\n<p>Je m\u00e9lange dans un bol 21 gr de farine de seigle et 21 gr d&#8217;eau et je l&#8217;incorpore au levain dans le bocal.<\/p>\r\n<p>Voil\u00e0, je viens de faire mon premier rafra\u00eechi. Je laisse le bocal au m\u00eame endroit et v\u00e9rifie la lev\u00e9e du levain de temps en temps car faire un levain n&#8217;est pas une science exacte et de nombreux param\u00e8tres (temp\u00e9rature de l&#8217;air, de l&#8217;eau&#8230;) influent dans la vitesse de production des bact\u00e9ries et levures. Il se peut que je sois oblig\u00e9e de faire mon second rafra\u00eechi dans 5 heures comme attendre de le faire dans plus de 24 heures. Mais vue la temp\u00e9rature actuelle, je penche plut\u00f4t sur une production rapide.<\/p>\r\n<p>Nous verrons bien !<\/p>\r\n<p>En trois heures, le levain a plus que doubl\u00e9 de volume. J&#8217;avais plac\u00e9 un \u00e9lastique autour du pot indiquant son niveau de d\u00e9part.<\/p>\r\n<p>Je place la rondelle caoutchouc orange et ferme herm\u00e9tiquement le bocal avant de le mettre au r\u00e9frig\u00e9rateur.<\/p>\r\n<p><img loading=\"lazy\" decoding=\"async\" class=\"wp-image-4525 aligncenter\" src=\"https:\/\/dunjouralautre.fr\/wp-content\/uploads\/2023\/08\/5IMG_9468-300x225.jpg\" alt=\"\" width=\"473\" height=\"355\" srcset=\"https:\/\/dunjouralautre.fr\/wp-content\/uploads\/2023\/08\/5IMG_9468-300x225.jpg 300w, https:\/\/dunjouralautre.fr\/wp-content\/uploads\/2023\/08\/5IMG_9468-1024x768.jpg 1024w, https:\/\/dunjouralautre.fr\/wp-content\/uploads\/2023\/08\/5IMG_9468-768x576.jpg 768w, https:\/\/dunjouralautre.fr\/wp-content\/uploads\/2023\/08\/5IMG_9468-1536x1152.jpg 1536w, https:\/\/dunjouralautre.fr\/wp-content\/uploads\/2023\/08\/5IMG_9468-350x263.jpg 350w, https:\/\/dunjouralautre.fr\/wp-content\/uploads\/2023\/08\/5IMG_9468.jpg 2016w\" sizes=\"(max-width: 473px) 100vw, 473px\" \/><\/p>\r\n<p>JOUR 3 Bocal2 <strong>second rafra\u00eechi<\/strong><\/p>\r\n<p>Mon levain ayant bien mont\u00e9, je ne pouvais pas faire le rafra\u00eechi d&#8217;aujourd&#8217;hui dans ce bocal qui devient trop petit. N&#8217;ayant pas de bocal plus gros, et apr\u00e8s que l&#8217;ensemble soit revenu \u00e0 temp\u00e9rature ambiante, j&#8217;en ai pr\u00e9lev\u00e9 70 gr que j&#8217;ai mis dans un autre bocal -que j&#8217;appelle le bocal2- et auquel j&#8217;ai ajout\u00e9 le m\u00e9lange fait de 15 gr de farine -toujours la m\u00eame- et 15 gr d&#8217;eau \u00e0 temp\u00e9rature, ce qui me donne un poids total pour ce jour 3 de 100gr. J&#8217;attends que les levures et les bact\u00e9ries s&#8217;activent puis lorsque le levain sera bien gonfl\u00e9e de bulles je le mettrai au r\u00e9frig\u00e9rateur. Demain je rajouterai la moiti\u00e9 du poids, soit 50 gr et j&#8217;aurai les 150 gr de levain n\u00e9cessaire pour faire mon pain de 500gr.<\/p>\r\n<figure id=\"attachment_4529\" aria-describedby=\"caption-attachment-4529\" style=\"width: 571px\" class=\"wp-caption aligncenter\"><img loading=\"lazy\" decoding=\"async\" class=\"wp-image-4529\" src=\"https:\/\/dunjouralautre.fr\/wp-content\/uploads\/2023\/08\/6IMG_9469-300x225.jpg\" alt=\"\" width=\"571\" height=\"428\" srcset=\"https:\/\/dunjouralautre.fr\/wp-content\/uploads\/2023\/08\/6IMG_9469-300x225.jpg 300w, https:\/\/dunjouralautre.fr\/wp-content\/uploads\/2023\/08\/6IMG_9469-1024x768.jpg 1024w, https:\/\/dunjouralautre.fr\/wp-content\/uploads\/2023\/08\/6IMG_9469-768x576.jpg 768w, https:\/\/dunjouralautre.fr\/wp-content\/uploads\/2023\/08\/6IMG_9469-1536x1152.jpg 1536w, https:\/\/dunjouralautre.fr\/wp-content\/uploads\/2023\/08\/6IMG_9469-350x263.jpg 350w, https:\/\/dunjouralautre.fr\/wp-content\/uploads\/2023\/08\/6IMG_9469.jpg 2016w\" sizes=\"(max-width: 571px) 100vw, 571px\" \/><figcaption id=\"caption-attachment-4529\" class=\"wp-caption-text\">Bocal2 rempli de 70 gr du levain de la veille plus 30 gr de rafra\u00eechi<\/figcaption><\/figure>\r\n<p>J&#8217;ai pes\u00e9 le bocal 1 -celui d&#8217;hier avec la rondelle orange qui a pass\u00e9 la nuit au r\u00e9frig\u00e9rateur- et j&#8217;ai rajout\u00e9 la moiti\u00e9 du poids. J&#8217;attends qu&#8217;il l\u00e8ve avant de le remettre au r\u00e9frig\u00e9rateur.<\/p>\r\n<p>JOUR 3 troisi\u00e8me rafra\u00eechi<\/p>\r\n<p>J&#8217;ai sorti le bocal2 du r\u00e9frig\u00e9rateur au moins deux heures avant\u00a0 afin qu&#8217;il soit \u00e0 temp\u00e9rature ambiante. Je l&#8217;ai pes\u00e9 : j&#8217;ai 136 gr de levain et je dois donc faire un rafra\u00eechi de sa moiti\u00e9, \u00e0 savoir 68 gr. Je rajoute donc un m\u00e9lange de 34gr de farine et 38gr d&#8217;eau. Je laisse reposer \u00e0 temp\u00e9rature ambiante (26\u00b0) le temps qu&#8217;il faudra pour que les levures et bact\u00e9ries se d\u00e9veloppent.<\/p>\r\n<p>JOUR 4<\/p>\r\n<p>Hier j&#8217;ai fait du pain : j&#8217;ai pr\u00e9lev\u00e9 du bocal 100gr de levain.<\/p>\r\n<p>Aujourd&#8217;hui j&#8217;effectue un rafra\u00eechi avec la quantit\u00e9 n\u00e9cessaire.<\/p>\r\n<p>.<\/p>\r\n<p>.<\/p>\r\n<p>.<\/p>\r\n<p>JOUR 7<\/p>\r\n<p>Je dispose de 251 gr de levain<\/p>\r\n<p><img loading=\"lazy\" decoding=\"async\" class=\" wp-image-4598 aligncenter\" src=\"https:\/\/dunjouralautre.fr\/wp-content\/uploads\/2023\/08\/IMG_9484-300x225.jpg\" alt=\"\" width=\"564\" height=\"423\" srcset=\"https:\/\/dunjouralautre.fr\/wp-content\/uploads\/2023\/08\/IMG_9484-300x225.jpg 300w, https:\/\/dunjouralautre.fr\/wp-content\/uploads\/2023\/08\/IMG_9484-1024x768.jpg 1024w, https:\/\/dunjouralautre.fr\/wp-content\/uploads\/2023\/08\/IMG_9484-768x576.jpg 768w, https:\/\/dunjouralautre.fr\/wp-content\/uploads\/2023\/08\/IMG_9484-1536x1152.jpg 1536w, https:\/\/dunjouralautre.fr\/wp-content\/uploads\/2023\/08\/IMG_9484-2048x1536.jpg 2048w, https:\/\/dunjouralautre.fr\/wp-content\/uploads\/2023\/08\/IMG_9484-350x263.jpg 350w\" sizes=\"(max-width: 564px) 100vw, 564px\" \/><\/p>\r\n<p>Voil\u00e0 maintenant plusieurs semaines que je fais mon propre pain au levain. J&#8217;ai laiss\u00e9 tomb\u00e9 les rafraichis \u00e0 la farine de seigle et ne me sers que du froment.<\/p>\r\n<p>Je n&#8217;h\u00e9site pas \u00e0 changer les proportions de\u00a0 farine T65, T80 :\u00a0 200gr de l&#8217;une, 300 gr de l&#8217;autre et inversement. Je fais toujours de cette m\u00eame mani\u00e8re : dans un saladier je mets 100gr de levain (qui a eu au moins 4 rafraichis), puis je le m\u00e9lange \u00e0 300gr d&#8217;eau (min\u00e9rale) r\u00e9chauff\u00e9e 20 secondes au micro-ondes (elle n&#8217;est pas chaude, elle est moins que ti\u00e8de), par dessus je pose 500 gr de farine et 4 \u00e0 5 gr de sel &#8211; sel que je disperse sur la farine pour en \u00e9viter une trop grosse concentration. Je m\u00e9lange avec une cuill\u00e8re en bois et finis de p\u00e9trir \u00e0 la main.<\/p>\r\n<p>Je couvre le saladier de film plastique (c&#8217;est toujours le m\u00eame morceau que je garde \u00e0 cet usage) ET d&#8217;un torchon.<\/p>\r\n<p>Je laisse reposer <strong>UNE heure<\/strong>.<\/p>\r\n<p>Puis, avec la main pass\u00e9e sous l&#8217;eau du robinet je viens tirer une partie de la p\u00e2te vers le haut, le restant \u00e9tant &#8220;p\u00e9gu\u00e9&#8221; au fond du saladier. Je fais de m\u00eame pour la partie rest\u00e9e au fond du saladier. Il faut que la totalit\u00e9 de la p\u00e2te ait \u00e9t\u00e9 tir\u00e9e de cette fa\u00e7on. La remettre en boule bien ferm\u00e9e et laisser reposer une <strong>demi-heure<\/strong>.<\/p>\r\n<p>Faire de m\u00eame sans oublier de se mouiller la main pour tirer la p\u00e2te. Vous remarquerez que la p\u00e2te est plus r\u00e9sistante, plus compacte.<\/p>\r\n<p>Laisser reposer encore une <strong>demi-heure<\/strong>.<\/p>\r\n<p>Refaire la m\u00eame op\u00e9ration une troisi\u00e8me fois sans oublier de vous mouiller la main et laisser reposer encore <strong>30 minutes<\/strong>.<\/p>\r\n<p>M\u00eame op\u00e9ration puis laisser reposer <strong>TROIS heures<\/strong> en veillant \u00e0 bien refermer votre p\u00e2te en boule.<\/p>\r\n<p>&#8230;<\/p>\r\n<p>Quand les trois heures sont pass\u00e9es, fleurez votre plan de travail et d\u00e9posez votre p\u00e2ton. Le d\u00e9gazer en le mettant en plat et repliez-le sur lui-m\u00eame. Fermez-le BIEN en boule et d\u00e9posez-le dans une petite corbeille en osier couverte d&#8217;un torchon pr\u00e9alablement farin\u00e9. Recouvrez-le du torchon et placez-le au r\u00e9frig\u00e9rateur durant <strong>12 heures<\/strong>.<\/p>\r\n<p>Signez-le.<\/p>\r\n<p>Faites cuire \u00e0 four 220\u00b0. Le temps de cuisson d\u00e9pendra de votre fa\u00e7on de le cuire. En cocotte ? Sur une t\u00f4le ? d\u00e9part \u00e0 chaud ? \u00e0 froid ?<\/p>\r\n<p>Je vous livrerai mon exp\u00e9rience une prochaine fois.<\/p>\r\n<p><img loading=\"lazy\" decoding=\"async\" class=\"alignnone size-medium wp-image-4861\" src=\"https:\/\/dunjouralautre.fr\/wp-content\/uploads\/2023\/10\/IMG_9434-225x300.jpg\" alt=\"\" width=\"225\" height=\"300\" srcset=\"https:\/\/dunjouralautre.fr\/wp-content\/uploads\/2023\/10\/IMG_9434-225x300.jpg 225w, https:\/\/dunjouralautre.fr\/wp-content\/uploads\/2023\/10\/IMG_9434-768x1024.jpg 768w, https:\/\/dunjouralautre.fr\/wp-content\/uploads\/2023\/10\/IMG_9434-1152x1536.jpg 1152w, https:\/\/dunjouralautre.fr\/wp-content\/uploads\/2023\/10\/IMG_9434-263x350.jpg 263w, https:\/\/dunjouralautre.fr\/wp-content\/uploads\/2023\/10\/IMG_9434-rotated.jpg 1512w\" sizes=\"(max-width: 225px) 100vw, 225px\" \/> <img loading=\"lazy\" decoding=\"async\" class=\"alignnone size-medium wp-image-4860\" src=\"https:\/\/dunjouralautre.fr\/wp-content\/uploads\/2023\/10\/71584927722__8263AEFA-7C3F-41E0-96FF-5A2EF0DF002C-225x300.jpg\" alt=\"\" width=\"225\" height=\"300\" srcset=\"https:\/\/dunjouralautre.fr\/wp-content\/uploads\/2023\/10\/71584927722__8263AEFA-7C3F-41E0-96FF-5A2EF0DF002C-225x300.jpg 225w, https:\/\/dunjouralautre.fr\/wp-content\/uploads\/2023\/10\/71584927722__8263AEFA-7C3F-41E0-96FF-5A2EF0DF002C-768x1024.jpg 768w, https:\/\/dunjouralautre.fr\/wp-content\/uploads\/2023\/10\/71584927722__8263AEFA-7C3F-41E0-96FF-5A2EF0DF002C-1152x1536.jpg 1152w, https:\/\/dunjouralautre.fr\/wp-content\/uploads\/2023\/10\/71584927722__8263AEFA-7C3F-41E0-96FF-5A2EF0DF002C-263x350.jpg 263w, https:\/\/dunjouralautre.fr\/wp-content\/uploads\/2023\/10\/71584927722__8263AEFA-7C3F-41E0-96FF-5A2EF0DF002C-rotated.jpg 1512w\" sizes=\"(max-width: 225px) 100vw, 225px\" \/> <img loading=\"lazy\" decoding=\"async\" class=\"alignnone size-medium wp-image-4859\" src=\"https:\/\/dunjouralautre.fr\/wp-content\/uploads\/2023\/10\/IMG_9435-225x300.jpg\" alt=\"\" width=\"225\" height=\"300\" srcset=\"https:\/\/dunjouralautre.fr\/wp-content\/uploads\/2023\/10\/IMG_9435-225x300.jpg 225w, https:\/\/dunjouralautre.fr\/wp-content\/uploads\/2023\/10\/IMG_9435-768x1024.jpg 768w, https:\/\/dunjouralautre.fr\/wp-content\/uploads\/2023\/10\/IMG_9435-1152x1536.jpg 1152w, https:\/\/dunjouralautre.fr\/wp-content\/uploads\/2023\/10\/IMG_9435-263x350.jpg 263w, https:\/\/dunjouralautre.fr\/wp-content\/uploads\/2023\/10\/IMG_9435-rotated.jpg 1512w\" sizes=\"(max-width: 225px) 100vw, 225px\" \/> <img loading=\"lazy\" decoding=\"async\" class=\"alignnone size-medium wp-image-4858\" src=\"https:\/\/dunjouralautre.fr\/wp-content\/uploads\/2023\/10\/IMG_9515-225x300.jpg\" alt=\"\" width=\"225\" height=\"300\" srcset=\"https:\/\/dunjouralautre.fr\/wp-content\/uploads\/2023\/10\/IMG_9515-225x300.jpg 225w, https:\/\/dunjouralautre.fr\/wp-content\/uploads\/2023\/10\/IMG_9515-768x1024.jpg 768w, https:\/\/dunjouralautre.fr\/wp-content\/uploads\/2023\/10\/IMG_9515-1152x1536.jpg 1152w, https:\/\/dunjouralautre.fr\/wp-content\/uploads\/2023\/10\/IMG_9515-263x350.jpg 263w, https:\/\/dunjouralautre.fr\/wp-content\/uploads\/2023\/10\/IMG_9515-rotated.jpg 1512w\" sizes=\"(max-width: 225px) 100vw, 225px\" \/><\/p>\r\n<hr \/>\r\n<p><img loading=\"lazy\" decoding=\"async\" class=\"size-medium wp-image-4867 alignleft\" src=\"https:\/\/dunjouralautre.fr\/wp-content\/uploads\/2023\/08\/IMG_9553-225x300.jpg\" alt=\"\" width=\"225\" height=\"300\" srcset=\"https:\/\/dunjouralautre.fr\/wp-content\/uploads\/2023\/08\/IMG_9553-225x300.jpg 225w, https:\/\/dunjouralautre.fr\/wp-content\/uploads\/2023\/08\/IMG_9553-768x1024.jpg 768w, https:\/\/dunjouralautre.fr\/wp-content\/uploads\/2023\/08\/IMG_9553-1152x1536.jpg 1152w, https:\/\/dunjouralautre.fr\/wp-content\/uploads\/2023\/08\/IMG_9553-1536x2048.jpg 1536w, https:\/\/dunjouralautre.fr\/wp-content\/uploads\/2023\/08\/IMG_9553-263x350.jpg 263w, https:\/\/dunjouralautre.fr\/wp-content\/uploads\/2023\/08\/IMG_9553-scaled.jpg 1920w\" sizes=\"(max-width: 225px) 100vw, 225px\" \/><\/p>\r\n<p>le 7 octobre<\/p>\r\n<p>Apr\u00e8s repos d&#8217;une nuit au r\u00e9frig\u00e9rateur, j&#8217;ai sorti le p\u00e2ton une heure et demie avant sa cuisson.<\/p>\r\n<p>Je ne l&#8217;ai pas grign\u00e9, le laissant libre.<\/p>\r\n<p>Cuit en cocotte, d\u00e9part \u00e0 four chaud (220\u00b0) avec couvercle.<\/p>\r\n<p>Au bout de 30 mn de cuisson, j&#8217;ai \u00f4t\u00e9 le couvercle et ai poursuivi la cuisson de 10 ou 15 mn- je ne sais plus !<\/p>\r\n<p>Il semble un peu moins cuit.<\/p>\r\n<hr \/>\r\n<p>Depuis la semaine derni\u00e8re je fais les pains avec 80 gr de levain et le r\u00e9sultat est bien acceptable. Il faut noter aussi que je me sers de la T55 350 gr \u00e0 peu pr\u00e8s et je compl\u00e8te avec la T80 pour arriver \u00e0 500gr. Les pains gonflent plus bien entendu.<\/p>\r\n\r\n\r\n\r\n<p>Le pain de dimanche :<\/p>\r\n\r\n\r\n\r\n<figure class=\"wp-block-image size-large\"><img loading=\"lazy\" decoding=\"async\" width=\"1512\" height=\"2016\" class=\"wp-image-4957\" src=\"https:\/\/dunjouralautre.fr\/wp-content\/uploads\/2023\/10\/IMG_9571-edited.jpg\" alt=\"\" srcset=\"https:\/\/dunjouralautre.fr\/wp-content\/uploads\/2023\/10\/IMG_9571-edited.jpg 1512w, https:\/\/dunjouralautre.fr\/wp-content\/uploads\/2023\/10\/IMG_9571-edited-225x300.jpg 225w, https:\/\/dunjouralautre.fr\/wp-content\/uploads\/2023\/10\/IMG_9571-edited-768x1024.jpg 768w, https:\/\/dunjouralautre.fr\/wp-content\/uploads\/2023\/10\/IMG_9571-edited-1152x1536.jpg 1152w, https:\/\/dunjouralautre.fr\/wp-content\/uploads\/2023\/10\/IMG_9571-edited-263x350.jpg 263w\" sizes=\"(max-width: 1512px) 100vw, 1512px\" \/><\/figure>\r\n\r\n\r\n\r\n<p>Le pain de ce matin :<\/p>\r\n\r\n\r\n\r\n<figure class=\"wp-block-image size-large\"><img loading=\"lazy\" decoding=\"async\" width=\"1024\" height=\"768\" class=\"wp-image-4960\" src=\"https:\/\/dunjouralautre.fr\/wp-content\/uploads\/2023\/10\/IMG_9575-1024x768.jpg\" alt=\"\" srcset=\"https:\/\/dunjouralautre.fr\/wp-content\/uploads\/2023\/10\/IMG_9575-1024x768.jpg 1024w, https:\/\/dunjouralautre.fr\/wp-content\/uploads\/2023\/10\/IMG_9575-300x225.jpg 300w, https:\/\/dunjouralautre.fr\/wp-content\/uploads\/2023\/10\/IMG_9575-768x576.jpg 768w, https:\/\/dunjouralautre.fr\/wp-content\/uploads\/2023\/10\/IMG_9575-1536x1152.jpg 1536w, https:\/\/dunjouralautre.fr\/wp-content\/uploads\/2023\/10\/IMG_9575-2048x1536.jpg 2048w, https:\/\/dunjouralautre.fr\/wp-content\/uploads\/2023\/10\/IMG_9575-350x263.jpg 350w\" sizes=\"(max-width: 1024px) 100vw, 1024px\" \/><\/figure>\r\n\r\n\r\n\r\n<p>La cuisson de ces deux derniers pains est la m\u00eame : 40 mn dans la cocotte ferm\u00e9e de son couvercle, puis 15 mn d\u00e9couverte. Toujours la m\u00eame temp\u00e9rature de cuisson : 220\u00b0<\/p>\r\n\r\n\r\n\r\n<p>La diff\u00e9rence de cuisson &#8211; je trouve que le pain de ce matin est moins brun que celui de dimanche &#8211; est certainement d\u00fbe au fait que j&#8217;avais laiss\u00e9 la cocotte dehors &#8211; les temp\u00e9ratures ext\u00e9rieures commencent \u00e0 chuter..<\/p>\r\n\r\n\r\n\r\n<p>\u00c0 remarquer aussi que je ne grigne pas les pains.<\/p>\r\n\r\n\r\n\r\n<p>&nbsp;<\/p>\r\n\r\n\r\n\r\n<p>&nbsp;<\/p>\r\n\r\n\r\n\r\n<p>28 octobre. Pain habituel, un peu plus de T65 et un peu moins de T80. Grign\u00e9. M\u00eame cuisson, cocotte ferm\u00e9e puis ouverte.<\/p>\r\n\r\n\r\n\r\n<figure class=\"wp-block-image size-large\"><img loading=\"lazy\" decoding=\"async\" width=\"1024\" height=\"768\" class=\"wp-image-4997\" src=\"https:\/\/dunjouralautre.fr\/wp-content\/uploads\/2023\/10\/IMG_9597-1024x768.jpg\" alt=\"\" srcset=\"https:\/\/dunjouralautre.fr\/wp-content\/uploads\/2023\/10\/IMG_9597-1024x768.jpg 1024w, https:\/\/dunjouralautre.fr\/wp-content\/uploads\/2023\/10\/IMG_9597-300x225.jpg 300w, https:\/\/dunjouralautre.fr\/wp-content\/uploads\/2023\/10\/IMG_9597-768x576.jpg 768w, https:\/\/dunjouralautre.fr\/wp-content\/uploads\/2023\/10\/IMG_9597-1536x1152.jpg 1536w, https:\/\/dunjouralautre.fr\/wp-content\/uploads\/2023\/10\/IMG_9597-350x263.jpg 350w, https:\/\/dunjouralautre.fr\/wp-content\/uploads\/2023\/10\/IMG_9597.jpg 2016w\" sizes=\"(max-width: 1024px) 100vw, 1024px\" \/><\/figure>\r\n<p>Hier midi, premier dimanche de novembre, les enfants sont venus manger. Au menu raclette VG, salade verte et tarte aux pommes en dessert, champagne. Tout le monde s&#8217;est r\u00e9gal\u00e9. C&#8217;\u00e9tait le but. J&#8217;avais pr\u00e9par\u00e9 \u00e0 l&#8217;occasion deux pains \u00e0 offrir, grign\u00e9s. J&#8217;ai pu v\u00e9rifier que le levain <em>retomb\u00e9<\/em> fait aussi bien l&#8217;affaire qu&#8217;un levain <em>gonfl\u00e9 ; <\/em>et qu&#8217;il est possible d&#8217;effectuer un rafraichi sur une plus petite portion de levain.<\/p>\r\n<p>Mes pains commencent \u00e0 avoir de la gueule et une odeur app\u00e9tissante. Cuisson en cocotte, d\u00e9part dans un four chaud 220\u00b0 durant 40mn puis cocotte ouverte durant 15mn. 60gr de levain.\u00a0 A la sortie du four, je tends l&#8217;oreille, m&#8217;approche du pain et je l&#8217;entends chanter. Je commence \u00e0 sentir cette petite pointe d&#8217;acidit\u00e9 florale sp\u00e9cifique au pain au levain que je ne trouvais pas dans les premiers pains. Est-ce que cela provient d&#8217;un levain qui se fait depuis quelques semaines ?<\/p>\r\n<p>Il est possible que comme le vin, ou le fromage, les bact\u00e9ries et levures se bonifient avec le temps.\u00a0<\/p>\r\n<p>&nbsp;<\/p>\r\n<p><img loading=\"lazy\" decoding=\"async\" class=\"alignnone  wp-image-5015\" src=\"https:\/\/dunjouralautre.fr\/wp-content\/uploads\/2023\/11\/IMG_9620-225x300.jpg\" alt=\"\" width=\"363\" height=\"484\" srcset=\"https:\/\/dunjouralautre.fr\/wp-content\/uploads\/2023\/11\/IMG_9620-225x300.jpg 225w, https:\/\/dunjouralautre.fr\/wp-content\/uploads\/2023\/11\/IMG_9620-263x350.jpg 263w, https:\/\/dunjouralautre.fr\/wp-content\/uploads\/2023\/11\/IMG_9620-rotated.jpg 480w\" sizes=\"(max-width: 363px) 100vw, 363px\" \/><img loading=\"lazy\" decoding=\"async\" class=\"alignnone  wp-image-5013\" src=\"https:\/\/dunjouralautre.fr\/wp-content\/uploads\/2023\/11\/IMG_9619-225x300.jpg\" alt=\"\" width=\"361\" height=\"481\" srcset=\"https:\/\/dunjouralautre.fr\/wp-content\/uploads\/2023\/11\/IMG_9619-225x300.jpg 225w, https:\/\/dunjouralautre.fr\/wp-content\/uploads\/2023\/11\/IMG_9619-263x350.jpg 263w, https:\/\/dunjouralautre.fr\/wp-content\/uploads\/2023\/11\/IMG_9619-rotated.jpg 480w\" sizes=\"(max-width: 361px) 100vw, 361px\" \/><\/p>\r\n<p>&nbsp;<\/p>\r\n<p>&nbsp;<\/p>\r\n<p>Pain du 7 novembre. 50 gr de levain, m\u00eame temps de cuisson, m\u00eame temp\u00e9rature<\/p>\r\n<p><img loading=\"lazy\" decoding=\"async\" class=\"alignnone size-medium wp-image-5020\" src=\"https:\/\/dunjouralautre.fr\/wp-content\/uploads\/2023\/10\/IMG_9638-225x300.jpg\" alt=\"\" width=\"225\" height=\"300\" srcset=\"https:\/\/dunjouralautre.fr\/wp-content\/uploads\/2023\/10\/IMG_9638-225x300.jpg 225w, https:\/\/dunjouralautre.fr\/wp-content\/uploads\/2023\/10\/IMG_9638-768x1024.jpg 768w, https:\/\/dunjouralautre.fr\/wp-content\/uploads\/2023\/10\/IMG_9638-1152x1536.jpg 1152w, https:\/\/dunjouralautre.fr\/wp-content\/uploads\/2023\/10\/IMG_9638-263x350.jpg 263w, https:\/\/dunjouralautre.fr\/wp-content\/uploads\/2023\/10\/IMG_9638.jpg 1512w\" sizes=\"(max-width: 225px) 100vw, 225px\" \/><img loading=\"lazy\" decoding=\"async\" class=\"alignnone  wp-image-5021\" src=\"https:\/\/dunjouralautre.fr\/wp-content\/uploads\/2023\/10\/IMG_9636-300x225.jpg\" alt=\"\" width=\"288\" height=\"216\" srcset=\"https:\/\/dunjouralautre.fr\/wp-content\/uploads\/2023\/10\/IMG_9636-300x225.jpg 300w, https:\/\/dunjouralautre.fr\/wp-content\/uploads\/2023\/10\/IMG_9636-1024x768.jpg 1024w, https:\/\/dunjouralautre.fr\/wp-content\/uploads\/2023\/10\/IMG_9636-768x576.jpg 768w, https:\/\/dunjouralautre.fr\/wp-content\/uploads\/2023\/10\/IMG_9636-1536x1152.jpg 1536w, https:\/\/dunjouralautre.fr\/wp-content\/uploads\/2023\/10\/IMG_9636-350x263.jpg 350w, https:\/\/dunjouralautre.fr\/wp-content\/uploads\/2023\/10\/IMG_9636.jpg 2016w\" sizes=\"(max-width: 288px) 100vw, 288px\" \/><\/p>\r\n<p>&nbsp;<\/p>\r\n\r\n\r\n\r\n<p>&nbsp;<\/p>\r\n","protected":false},"excerpt":{"rendered":"<p>22 aout 2023, notre boulanger de LA FAURIE (05) a ferm\u00e9. J&#8217;ai donc d\u00e9cid\u00e9 de faire mon propre pain au levain. JOUR 1 Dans un bocal en verre que j&#8217;ai pr\u00e9alablement pes\u00e9, j&#8217;ai mis le m\u00e9lange suivant : 40 gr d&#8217;eau, 40 gr de farine de seigle bio fine, 1 petite cuill\u00e8re \u00e0 caf\u00e9 de [&hellip;]<\/p>\n","protected":false},"author":1,"featured_media":0,"comment_status":"open","ping_status":"open","sticky":false,"template":"","format":"standard","meta":{"footnotes":""},"categories":[10],"tags":[],"class_list":["post-4516","post","type-post","status-publish","format-standard","hentry","category-beau-et-bon"],"_links":{"self":[{"href":"https:\/\/dunjouralautre.fr\/index.php\/wp-json\/wp\/v2\/posts\/4516","targetHints":{"allow":["GET"]}}],"collection":[{"href":"https:\/\/dunjouralautre.fr\/index.php\/wp-json\/wp\/v2\/posts"}],"about":[{"href":"https:\/\/dunjouralautre.fr\/index.php\/wp-json\/wp\/v2\/types\/post"}],"author":[{"embeddable":true,"href":"https:\/\/dunjouralautre.fr\/index.php\/wp-json\/wp\/v2\/users\/1"}],"replies":[{"embeddable":true,"href":"https:\/\/dunjouralautre.fr\/index.php\/wp-json\/wp\/v2\/comments?post=4516"}],"version-history":[{"count":20,"href":"https:\/\/dunjouralautre.fr\/index.php\/wp-json\/wp\/v2\/posts\/4516\/revisions"}],"predecessor-version":[{"id":5129,"href":"https:\/\/dunjouralautre.fr\/index.php\/wp-json\/wp\/v2\/posts\/4516\/revisions\/5129"}],"wp:attachment":[{"href":"https:\/\/dunjouralautre.fr\/index.php\/wp-json\/wp\/v2\/media?parent=4516"}],"wp:term":[{"taxonomy":"category","embeddable":true,"href":"https:\/\/dunjouralautre.fr\/index.php\/wp-json\/wp\/v2\/categories?post=4516"},{"taxonomy":"post_tag","embeddable":true,"href":"https:\/\/dunjouralautre.fr\/index.php\/wp-json\/wp\/v2\/tags?post=4516"}],"curies":[{"name":"wp","href":"https:\/\/api.w.org\/{rel}","templated":true}]}}