{"id":4536,"date":"2023-09-25T05:31:25","date_gmt":"2023-09-25T03:31:25","guid":{"rendered":"https:\/\/dunjouralautre.fr\/?p=4536"},"modified":"2023-08-25T09:32:11","modified_gmt":"2023-08-25T07:32:11","slug":"si-tu-as-le-desir","status":"publish","type":"post","link":"https:\/\/dunjouralautre.fr\/index.php\/2023\/09\/25\/si-tu-as-le-desir\/","title":{"rendered":"si tu as le d\u00e9sir"},"content":{"rendered":"<div dir=\"auto\">Si tu as le d\u00e9sir d&#8217;apporter la paix et l&#8217;harmonie dans le monde, alors commence par trouver la paix et l&#8217;harmonie dans ton propre c\u0153ur. Parler de la paix est une perte de temps. Tu dois chercher et trouver cette conscience de paix que rien ni personne ne puisse troubler, et demeurer en elle. Dans cet \u00e9tat de conscience, tu pourras \u00eatre efficace et aider \u00e0 apporter la paix et l&#8217;harmonie dans ta propre vie d&#8217;abord et, comme une pierre jet\u00e9e au milieu d&#8217;un \u00e9tang, les cercles s&#8217;\u00e9largiront, toucheront et changeront la vie de nombreuses personnes.<\/div>\n<div dir=\"auto\">&#8220;Tu r\u00e9colteras ce que tu s\u00e8mes ! &#8221; Lorsque tu s\u00e8mes la discorde et la disharmonie, tu r\u00e9coltes la discorde et la disharmonie ; tandis que lorsque tu s\u00e8mes paix et harmonie, la moisson de paix et d&#8217;harmonie sera grande, pas seulement pour toi, mais pour toutes les \u00e2mes avec lesquelles tu entres en contact.<\/div>\n<div dir=\"auto\">Eileen Caddy<\/div>\n","protected":false},"excerpt":{"rendered":"<p>Si tu as le d\u00e9sir d&#8217;apporter la paix et l&#8217;harmonie dans le monde, alors commence par trouver la paix et l&#8217;harmonie dans ton propre c\u0153ur. Parler de la paix est une perte de temps. Tu dois chercher et trouver cette conscience de paix que rien ni personne ne puisse troubler, et demeurer en elle. Dans [&hellip;]<\/p>\n","protected":false},"author":1,"featured_media":0,"comment_status":"open","ping_status":"open","sticky":false,"template":"","format":"standard","meta":{"footnotes":""},"categories":[8],"tags":[],"class_list":["post-4536","post","type-post","status-publish","format-standard","hentry","category-eileen-caddy"],"_links":{"self":[{"href":"https:\/\/dunjouralautre.fr\/index.php\/wp-json\/wp\/v2\/posts\/4536","targetHints":{"allow":["GET"]}}],"collection":[{"href":"https:\/\/dunjouralautre.fr\/index.php\/wp-json\/wp\/v2\/posts"}],"about":[{"href":"https:\/\/dunjouralautre.fr\/index.php\/wp-json\/wp\/v2\/types\/post"}],"author":[{"embeddable":true,"href":"https:\/\/dunjouralautre.fr\/index.php\/wp-json\/wp\/v2\/users\/1"}],"replies":[{"embeddable":true,"href":"https:\/\/dunjouralautre.fr\/index.php\/wp-json\/wp\/v2\/comments?post=4536"}],"version-history":[{"count":1,"href":"https:\/\/dunjouralautre.fr\/index.php\/wp-json\/wp\/v2\/posts\/4536\/revisions"}],"predecessor-version":[{"id":4537,"href":"https:\/\/dunjouralautre.fr\/index.php\/wp-json\/wp\/v2\/posts\/4536\/revisions\/4537"}],"wp:attachment":[{"href":"https:\/\/dunjouralautre.fr\/index.php\/wp-json\/wp\/v2\/media?parent=4536"}],"wp:term":[{"taxonomy":"category","embeddable":true,"href":"https:\/\/dunjouralautre.fr\/index.php\/wp-json\/wp\/v2\/categories?post=4536"},{"taxonomy":"post_tag","embeddable":true,"href":"https:\/\/dunjouralautre.fr\/index.php\/wp-json\/wp\/v2\/tags?post=4536"}],"curies":[{"name":"wp","href":"https:\/\/api.w.org\/{rel}","templated":true}]}}