{"id":4643,"date":"2023-11-18T05:59:45","date_gmt":"2023-11-18T04:59:45","guid":{"rendered":"https:\/\/dunjouralautre.fr\/?p=4643"},"modified":"2023-09-04T17:01:09","modified_gmt":"2023-09-04T15:01:09","slug":"utilise-tout","status":"publish","type":"post","link":"https:\/\/dunjouralautre.fr\/index.php\/2023\/11\/18\/utilise-tout\/","title":{"rendered":"utilise tout"},"content":{"rendered":"<div dir=\"auto\">Utilise tout ce que tu as pour le b\u00e9n\u00e9fice du tout ! N&#8217;essaye pas d&#8217;accumuler ou d&#8217;amasser, mais partage : car plus tu partages, plus cela grandira ; tandis que si tu essaies de garder et de poss\u00e9der quelque chose ou quelqu&#8217;un, tu le perdras s\u00fbrement. C&#8217;est la loi, et si tu la vis, tu la verras s&#8217;accomplir tout autour de toi.<\/div>\n<div dir=\"auto\">Si tu as des paquets de graines et que tu les ranges dans un placard et les oublies, rien ne leur arrivera, et elles resteront l\u00e0. Mais si tu les prends, si tu les plantes dans le sol et les soignes, non seulement elles vont pousser, mais elles s&#8217;accumuleront et produiront de plus en plus. Il en est de m\u00eame avec tout ce que tu as : n&#8217;essaie jamais de t&#8217;y agripper, mais partage-le avec plaisir, et regarde-le grandir en quantit\u00e9 et qualit\u00e9. Si ton attitude est juste, tu sais que tous tes besoins sont merveilleusement combl\u00e9s, et que tout ce que J&#8217;ai t&#8217;appartient.<\/div>\n<div dir=\"auto\">Eileen Caddy<\/div>\n","protected":false},"excerpt":{"rendered":"<p>Utilise tout ce que tu as pour le b\u00e9n\u00e9fice du tout ! N&#8217;essaye pas d&#8217;accumuler ou d&#8217;amasser, mais partage : car plus tu partages, plus cela grandira ; tandis que si tu essaies de garder et de poss\u00e9der quelque chose ou quelqu&#8217;un, tu le perdras s\u00fbrement. C&#8217;est la loi, et si tu la vis, tu [&hellip;]<\/p>\n","protected":false},"author":1,"featured_media":0,"comment_status":"open","ping_status":"open","sticky":false,"template":"","format":"standard","meta":{"footnotes":""},"categories":[8],"tags":[],"class_list":["post-4643","post","type-post","status-publish","format-standard","hentry","category-eileen-caddy"],"_links":{"self":[{"href":"https:\/\/dunjouralautre.fr\/index.php\/wp-json\/wp\/v2\/posts\/4643","targetHints":{"allow":["GET"]}}],"collection":[{"href":"https:\/\/dunjouralautre.fr\/index.php\/wp-json\/wp\/v2\/posts"}],"about":[{"href":"https:\/\/dunjouralautre.fr\/index.php\/wp-json\/wp\/v2\/types\/post"}],"author":[{"embeddable":true,"href":"https:\/\/dunjouralautre.fr\/index.php\/wp-json\/wp\/v2\/users\/1"}],"replies":[{"embeddable":true,"href":"https:\/\/dunjouralautre.fr\/index.php\/wp-json\/wp\/v2\/comments?post=4643"}],"version-history":[{"count":1,"href":"https:\/\/dunjouralautre.fr\/index.php\/wp-json\/wp\/v2\/posts\/4643\/revisions"}],"predecessor-version":[{"id":4645,"href":"https:\/\/dunjouralautre.fr\/index.php\/wp-json\/wp\/v2\/posts\/4643\/revisions\/4645"}],"wp:attachment":[{"href":"https:\/\/dunjouralautre.fr\/index.php\/wp-json\/wp\/v2\/media?parent=4643"}],"wp:term":[{"taxonomy":"category","embeddable":true,"href":"https:\/\/dunjouralautre.fr\/index.php\/wp-json\/wp\/v2\/categories?post=4643"},{"taxonomy":"post_tag","embeddable":true,"href":"https:\/\/dunjouralautre.fr\/index.php\/wp-json\/wp\/v2\/tags?post=4643"}],"curies":[{"name":"wp","href":"https:\/\/api.w.org\/{rel}","templated":true}]}}