{"id":4727,"date":"2023-11-09T05:11:41","date_gmt":"2023-11-09T04:11:41","guid":{"rendered":"https:\/\/dunjouralautre.fr\/?p=4727"},"modified":"2023-09-05T18:12:10","modified_gmt":"2023-09-05T16:12:10","slug":"foi-forte-et-inebranlable","status":"publish","type":"post","link":"https:\/\/dunjouralautre.fr\/index.php\/2023\/11\/09\/foi-forte-et-inebranlable\/","title":{"rendered":"foi forte et in\u00e9branlable"},"content":{"rendered":"<div dir=\"auto\">Que ta foi soit forte et in\u00e9branlable ! La foi doit \u00eatre v\u00e9cue et d\u00e9montr\u00e9e, il ne suffit pas d&#8217;en parler. Elle s&#8217;affermit de plus en plus quand elle est utilis\u00e9e constamment. Ce n&#8217;est pas quelque chose qu&#8217;on doit retirer d&#8217;une \u00e9tag\u00e8re de temps en temps, utiliser et puis remettre en place jusqu&#8217;\u00e0 la prochaine fois. En apprenant \u00e0 vivre par la foi, tu apprendras \u00e0 Me voir en chacun et dans tout ce qui se fait, et t prendras conscience qu&#8217;il n&#8217;y a nul endroit o\u00f9 JE ne SUIS pas.<\/div>\n<div dir=\"auto\">La foi est la conscience selon laquelle le meilleur de la vie na\u00eet de l&#8217;int\u00e9rieur. Lorsque tu r\u00e9aliseras que tu contiens tout en toi, tu cesseras cette \u00e9ternelle recherche. Tu cesseras de te d\u00e9battre et de lutter pour atteindre l&#8217;impossible, et, tranquille et confiant, tu trouveras cette r\u00e9serve d\u00e9bordant de tr\u00e9sors innombrables. C&#8217;est maintenant qu&#8217;il faut vivre par la foi, pas demain ou lorsque tu te sentiras plus fort et que tu auras plus de confiance ! Mets cela en pratique d\u00e8s maintenant et vois comme cela marche merveilleusement !<\/div>\n<div dir=\"auto\">Eileen Caddy<\/div>\n","protected":false},"excerpt":{"rendered":"<p>Que ta foi soit forte et in\u00e9branlable ! La foi doit \u00eatre v\u00e9cue et d\u00e9montr\u00e9e, il ne suffit pas d&#8217;en parler. Elle s&#8217;affermit de plus en plus quand elle est utilis\u00e9e constamment. Ce n&#8217;est pas quelque chose qu&#8217;on doit retirer d&#8217;une \u00e9tag\u00e8re de temps en temps, utiliser et puis remettre en place jusqu&#8217;\u00e0 la prochaine [&hellip;]<\/p>\n","protected":false},"author":1,"featured_media":0,"comment_status":"open","ping_status":"open","sticky":false,"template":"","format":"standard","meta":{"footnotes":""},"categories":[8],"tags":[],"class_list":["post-4727","post","type-post","status-publish","format-standard","hentry","category-eileen-caddy"],"_links":{"self":[{"href":"https:\/\/dunjouralautre.fr\/index.php\/wp-json\/wp\/v2\/posts\/4727","targetHints":{"allow":["GET"]}}],"collection":[{"href":"https:\/\/dunjouralautre.fr\/index.php\/wp-json\/wp\/v2\/posts"}],"about":[{"href":"https:\/\/dunjouralautre.fr\/index.php\/wp-json\/wp\/v2\/types\/post"}],"author":[{"embeddable":true,"href":"https:\/\/dunjouralautre.fr\/index.php\/wp-json\/wp\/v2\/users\/1"}],"replies":[{"embeddable":true,"href":"https:\/\/dunjouralautre.fr\/index.php\/wp-json\/wp\/v2\/comments?post=4727"}],"version-history":[{"count":1,"href":"https:\/\/dunjouralautre.fr\/index.php\/wp-json\/wp\/v2\/posts\/4727\/revisions"}],"predecessor-version":[{"id":4728,"href":"https:\/\/dunjouralautre.fr\/index.php\/wp-json\/wp\/v2\/posts\/4727\/revisions\/4728"}],"wp:attachment":[{"href":"https:\/\/dunjouralautre.fr\/index.php\/wp-json\/wp\/v2\/media?parent=4727"}],"wp:term":[{"taxonomy":"category","embeddable":true,"href":"https:\/\/dunjouralautre.fr\/index.php\/wp-json\/wp\/v2\/categories?post=4727"},{"taxonomy":"post_tag","embeddable":true,"href":"https:\/\/dunjouralautre.fr\/index.php\/wp-json\/wp\/v2\/tags?post=4727"}],"curies":[{"name":"wp","href":"https:\/\/api.w.org\/{rel}","templated":true}]}}