{"id":4795,"date":"2023-10-06T10:14:26","date_gmt":"2023-10-06T08:14:26","guid":{"rendered":"https:\/\/dunjouralautre.fr\/?p=4795"},"modified":"2023-10-06T10:14:26","modified_gmt":"2023-10-06T08:14:26","slug":"les-saints-anges","status":"publish","type":"post","link":"https:\/\/dunjouralautre.fr\/index.php\/2023\/10\/06\/les-saints-anges\/","title":{"rendered":"Les saints anges"},"content":{"rendered":"<div dir=\"auto\" style=\"padding-left: 40px;\">\n<div class=\"xdj266r x11i5rnm xat24cr x1mh8g0r x1vvkbs x126k92a\">\n<div dir=\"auto\">La vocation des anges est avant tout de contempler la splendeur de la face de Dieu et de chanter sans cesse sa louange. Mais, selon l\u2019\u00c9criture, le Seigneur leur a confi\u00e9 aussi la mission d\u2019assurer pr\u00e8s des hommes une pr\u00e9sence fraternelle. C\u2019est ce que nous rappelle la m\u00e9moire des anges gardiens.<\/div>\n<\/div>\n<div class=\"x11i5rnm xat24cr x1mh8g0r x1vvkbs xtlvy1s x126k92a\">\n<div dir=\"auto\">Dieu est le \u00ab cr\u00e9ateur du ciel et de la terre, de l\u2019univers visible et invisible \u00bb(Symbole de Nic\u00e9e Constantinople). Selon la Tradition, les anges sont des cr\u00e9atures spirituelles et non corporelles. Invoquer les anges est donc d\u2019abord l\u2019occasion de rappeler que \u00ab Dieu a tout ensemble, d\u00e8s le commencement des temps, cr\u00e9\u00e9 de rien l\u2019une et l\u2018autre cr\u00e9ature, la spirituelle et la corporelle, c\u2019est-\u00e0-dire les anges et le monde terrestre ; puis la cr\u00e9ature humaine qui tient des deux, compos\u00e9e qu\u2019elle est d\u2019esprit et de corps \u00bb (n\u00b0 327 du Cat\u00e9chisme de l\u2019\u00c9glise catholique \u2013 CEC -, rappelant la profession de foi du 4\u00e8me concile du Latran).<\/div>\n<\/div>\n<div class=\"x11i5rnm xat24cr x1mh8g0r x1vvkbs xtlvy1s x126k92a\">\n<div dir=\"auto\">Et s\u2019il n\u2019existe pas de culte des anges comme on parle du culte des saints, les anges sont bien pr\u00e9sents dans la liturgie chr\u00e9tienne. Ainsi \u00e0 chaque eucharistie, \u00e0 la fin de la pr\u00e9face, l\u2019assembl\u00e9e est invit\u00e9e \u00e0 chanter \u00ab avec les anges et tous les saints \u00bb la louange du Seigneur et \u00e0 proclamer \u00ab d\u2019une seule voix \u00bb sa saintet\u00e9 ; cette invitation aide \u00e0 r\u00e9aliser que toute c\u00e9l\u00e9bration anticipe et m\u00eame fait participer \u00e0 la liturgie du Ciel, celle qui est constamment c\u00e9l\u00e9br\u00e9e par les anges. De plus, au-del\u00e0 de ce signe \u00e0 d\u00e9chiffrer qui renvoie \u00e0 la pr\u00e9sence habituelle des anges dans la liturgie, l\u2019\u00c9glise \u00ab f\u00eate plus particuli\u00e8rement la m\u00e9moire de certains anges (saint Michel, saint Gabriel, saint Rapha\u00ebl, les anges gardiens) \u00bb (CEC 335).<\/div>\n<\/div>\n<div class=\"x11i5rnm xat24cr x1mh8g0r x1vvkbs xtlvy1s x126k92a\">\n<div dir=\"auto\">La f\u00eate des saints Michel, Gabriel et Rapha\u00ebl, archanges le 29 septembre rappelle l\u2019essentiel de la vocation des anges : contempler la splendeur de la face de Dieu et chanter sans cesse sa louange. C\u2019est aussi la raison d\u2019\u00eatre de la cr\u00e9ation et la mission primordiale de l\u2019Eglise, qui s\u2019exprime notamment dans la pr\u00e9face des anges.<\/div>\n<\/div>\n<div class=\"x11i5rnm xat24cr x1mh8g0r x1vvkbs xtlvy1s x126k92a\">\n<div dir=\"auto\">Pour sa part, la m\u00e9moire des anges gardiens le 2 octobre insiste sur un autre aspect de la vocation des anges. Ainsi d\u00e8s l\u2019Ancien Testament, les anges prot\u00e8gent et guident les patriarches. On chante dans le psaume 90 : \u00ab Dieu donne mission \u00e0 ses anges de te garder sur tous tes chemins. Ils te porteront sur leurs mains pour que ton pied ne heurte les pierres \u00bb. Cette mission de pr\u00e9sence fraternelle aux c\u00f4t\u00e9s des croyants continue.<\/div>\n<\/div>\n<div class=\"x11i5rnm xat24cr x1mh8g0r x1vvkbs xtlvy1s x126k92a\">\n<div dir=\"auto\">Ainsi comme on le lit dans le n\u00b0 336 du CEC, \u00ab du d\u00e9but de l\u2019existence au tr\u00e9pas, la vie humaine entour\u00e9e de leur garde et de leur intercession \u00bb et, ainsi \u00ab d\u00e8s ici-bas, la vie chr\u00e9tienne participe, dans la foi, \u00e0 la soci\u00e9t\u00e9 bienheureuse des anges et des hommes, unis en Dieu \u00bb. Le m\u00eame num\u00e9ro pr\u00e9cise m\u00eame que, pour cela, \u00ab \u201cchaque fid\u00e8le a \u00e0 ses c\u00f4t\u00e9s un ange comme protecteur et pasteur pour le conduire \u00e0 la vie (S. Basile)\u201d \u00bb<\/div>\n<\/div>\n<div class=\"x11i5rnm xat24cr x1mh8g0r x1vvkbs xtlvy1s x126k92a\">\n<div dir=\"auto\">\u00c0 vrai dire, la Bible ne parle pas express\u00e9ment de cette cat\u00e9gorie d\u2019anges et l\u2019id\u00e9e que chacune et chacun a son ange gardien pour le prot\u00e9ger se fonde en grande partie sur un unique verset de l\u2019\u00e9vangile : \u00ab Gardez-vous de m\u00e9priser un seul de ces petits, car, je vous le dis, leurs anges dans les cieux voient sans cesse la face de mon P\u00e8re qui est aux cieux \u00bb (Mat. 18-10). M\u00eame si la parole reste unique, son existence t\u00e9moigne de ce que cette croyance selon laquelle chaque \u00ab petit \u00bb a un ange personnel circulait parmi les premiers chr\u00e9tiens. La tradition l\u2019a donc reprise et elle a contribu\u00e9 \u00e0 ce que Paul V tienne \u00e0 instituer pour toute l\u2019\u00c9glise une m\u00e9moire des anges gardiens en 1608.<\/div>\n<\/div>\n<div class=\"x11i5rnm xat24cr x1mh8g0r x1vvkbs xtlvy1s x126k92a\">\n<div dir=\"auto\">Parce que Dieu envoie ses \u00ab anges pour nous garder \u00bb, les croyants peuvent donc lui demander \u00ab le bienfait de leur constante protection et la joie de vivre en leur compagnie pour toujours \u00bb (pri\u00e8re d\u2019ouverture). On peut esp\u00e9rer qu\u2019en leur permettant d\u2019exp\u00e9rimenter ce sentiment bienfaisant et cette joie, cette m\u00e9moire encourage ces croyants \u00e0 inventer \u00e0 leur tour une \u00ab pr\u00e9sence fraternelle \u00bb concr\u00e8te aupr\u00e8s des autres, \u00e0 prendre soin d\u2019eux. De m\u00eame, il n\u2019y a pas lieu d\u2019opposer le d\u00e9sir de la protection de l\u2019ange et la contemplation de Dieu. Comme le soulignait le pape Fran\u00e7ois dans son hom\u00e9lie du 2 octobre 2018, \u00ab notre ange n\u2019est pas seulement avec nous, il voit Dieu le P\u00e8re. Il est en relation avec Lui. Il est le pont quotidien, de l\u2019heure de notre lever \u00e0 l\u2019heure de notre coucher, qui nous accompagne et qui est en relation avec le P\u00e8re et avec nous. L\u2019ange est la porte quotidienne de la transcendance, de la rencontre avec le P\u00e8re\u2026 parce qu\u2019il regarde le P\u00e8re, il conna\u00eet le chemin. N\u2019oublions pas ces compagnons de route \u00bb<\/div>\n<div dir=\"auto\">\u2014\u2014\u2014\u2014\u2014\u2014<\/div>\n<div dir=\"auto\">M\u00e9moire des saints Anges gardiens. Appel\u00e9s d&#8217;abord \u00e0 contempler dans sa splendeur la face de Dieu, ils sont aussi mis par le Seigneur au service des hommes, pour \u00eatre \u00e0 leurs c\u00f4t\u00e9s et veiller sur eux, d&#8217;une mani\u00e8re invisible mais tr\u00e8s attentive.<\/div>\n<\/div>\n<\/div>\n<div dir=\"auto\"><\/div>\n","protected":false},"excerpt":{"rendered":"<p>La vocation des anges est avant tout de contempler la splendeur de la face de Dieu et de chanter sans cesse sa louange. Mais, selon l\u2019\u00c9criture, le Seigneur leur a confi\u00e9 aussi la mission d\u2019assurer pr\u00e8s des hommes une pr\u00e9sence fraternelle. C\u2019est ce que nous rappelle la m\u00e9moire des anges gardiens. Dieu est le \u00ab [&hellip;]<\/p>\n","protected":false},"author":1,"featured_media":0,"comment_status":"open","ping_status":"open","sticky":false,"template":"","format":"standard","meta":{"footnotes":""},"categories":[1],"tags":[],"class_list":["post-4795","post","type-post","status-publish","format-standard","hentry","category-non-classe"],"_links":{"self":[{"href":"https:\/\/dunjouralautre.fr\/index.php\/wp-json\/wp\/v2\/posts\/4795","targetHints":{"allow":["GET"]}}],"collection":[{"href":"https:\/\/dunjouralautre.fr\/index.php\/wp-json\/wp\/v2\/posts"}],"about":[{"href":"https:\/\/dunjouralautre.fr\/index.php\/wp-json\/wp\/v2\/types\/post"}],"author":[{"embeddable":true,"href":"https:\/\/dunjouralautre.fr\/index.php\/wp-json\/wp\/v2\/users\/1"}],"replies":[{"embeddable":true,"href":"https:\/\/dunjouralautre.fr\/index.php\/wp-json\/wp\/v2\/comments?post=4795"}],"version-history":[{"count":2,"href":"https:\/\/dunjouralautre.fr\/index.php\/wp-json\/wp\/v2\/posts\/4795\/revisions"}],"predecessor-version":[{"id":4798,"href":"https:\/\/dunjouralautre.fr\/index.php\/wp-json\/wp\/v2\/posts\/4795\/revisions\/4798"}],"wp:attachment":[{"href":"https:\/\/dunjouralautre.fr\/index.php\/wp-json\/wp\/v2\/media?parent=4795"}],"wp:term":[{"taxonomy":"category","embeddable":true,"href":"https:\/\/dunjouralautre.fr\/index.php\/wp-json\/wp\/v2\/categories?post=4795"},{"taxonomy":"post_tag","embeddable":true,"href":"https:\/\/dunjouralautre.fr\/index.php\/wp-json\/wp\/v2\/tags?post=4795"}],"curies":[{"name":"wp","href":"https:\/\/api.w.org\/{rel}","templated":true}]}}