{"id":5003,"date":"2023-11-03T09:05:44","date_gmt":"2023-11-03T08:05:44","guid":{"rendered":"https:\/\/dunjouralautre.fr\/?p=5003"},"modified":"2023-11-03T10:45:47","modified_gmt":"2023-11-03T09:45:47","slug":"partez-sauvez-votre-peau","status":"publish","type":"post","link":"https:\/\/dunjouralautre.fr\/index.php\/2023\/11\/03\/partez-sauvez-votre-peau\/","title":{"rendered":"Fuyez ! Pauvres fous !"},"content":{"rendered":"<p>Enfin ! Les Fran\u00e7ais commencent \u00e0 se manifester : un discret #JeSuisJuif vient d&#8217;appara\u00eetre sous X ancien Twitter ainsi qu&#8217;un visuel \u00e0 la mode Je suis Charlie. Il \u00e9tait temps ; toutefois peu s&#8217;approprie cette bataille. Ce n&#8217;est pas parce que les Fran\u00e7ais sont insensibles aux douleurs du peuple juif\u00a0 mais parce qu&#8217;ils ont peur. Ils ont peur du musulman qui se prom\u00e8ne un couteau dans la poche du pantalon pr\u00eat \u00e0 en d\u00e9coudre au moindre regard de travers. Ils ont peur depuis qu&#8217;ils savent que leur Pr\u00e9sident de la R\u00e9publique a admis ne pas \u00eatre en capacit\u00e9 de fermer les mosqu\u00e9es salafistes de peur d&#8217;un mouvement populaire incontr\u00f4lable. Alors prot\u00e9ger des populations livr\u00e9es \u00e0 la vindicte islamiste&#8230; il ne saurait pas mieux faire et tel Pilate, s&#8217;en laverait les mains&#8230; Laissons-les faire. Ca s&#8217;arr\u00eatera bien un jour.<\/p>\n<p>Les Fran\u00e7ais sont des trouillards, des l\u00e2ches. Ils d\u00e9tournent les yeux au lieu de r\u00e9sister. Ils ne font pas honneur \u00e0 leurs anc\u00eatres morts dans les tranch\u00e9es et les champs de bataille pour d\u00e9fendre la patrie, le territoire, la maison. Il y a peu un prof, M. Dominique BERNARD, s&#8217;est courageusement oppos\u00e9 \u00e0 un islamiste arm\u00e9 dans un lyc\u00e9e en y laissant la vie. Nous devrions \u00e9riger des monuments \u00e0 son honneur pour saluer son courage au lieu de le transformer en fait divers qui ne doit pas faire de vague.\u00a0 Les Fran\u00e7ais ne savent plus se battre, les Fran\u00e7ais n&#8217;ont plus le caract\u00e8re belliqueux de leurs anc\u00eatres. Ils r\u00e2lent mais ne mordent plus.<\/p>\n<p>Aujourd&#8217;hui les Juifs de France, nos compatriotes, nos concitoyens, veulent partir. Ils sentent le vent tourner, ils voient une R\u00e9publique qui n&#8217;est plus capable de prot\u00e9ger sa population. De leur histoire plurimill\u00e9naire, les Juifs ont acquis le sens du vent et le vent leur dit de partir. En Corse peut-\u00eatre. Car le Peuple Corse, lui, ne faillit pas. Il sait r\u00e9sister. Caract\u00e8re insulaire, caract\u00e8re fort. Civilisation prot\u00e9g\u00e9e.<\/p>\n<p>Ce matin Gu\u00e9rini, ministre de je ne sais quoi, affirme sur les ondes avec aplomb que la R\u00e9publique Fran\u00e7aise saura prot\u00e9ger les siens.<\/p>\n<p>Oui, il vous faut partir. La temp\u00eate qui arrive ne saurait vous \u00e9pargner. La bataille est vaine, les Fran\u00e7ais ont d\u00e9j\u00e0 perdu.<\/p>\n<p><img fetchpriority=\"high\" decoding=\"async\" class=\"size-medium wp-image-5004 aligncenter\" src=\"https:\/\/dunjouralautre.fr\/wp-content\/uploads\/2023\/11\/F9_egpwWoAAHZXM-300x300.jpg\" alt=\"\" width=\"300\" height=\"300\" srcset=\"https:\/\/dunjouralautre.fr\/wp-content\/uploads\/2023\/11\/F9_egpwWoAAHZXM-300x300.jpg 300w, https:\/\/dunjouralautre.fr\/wp-content\/uploads\/2023\/11\/F9_egpwWoAAHZXM-150x150.jpg 150w, https:\/\/dunjouralautre.fr\/wp-content\/uploads\/2023\/11\/F9_egpwWoAAHZXM-350x350.jpg 350w, https:\/\/dunjouralautre.fr\/wp-content\/uploads\/2023\/11\/F9_egpwWoAAHZXM.jpg 680w\" sizes=\"(max-width: 300px) 100vw, 300px\" \/><\/p>\n","protected":false},"excerpt":{"rendered":"<p>Enfin ! Les Fran\u00e7ais commencent \u00e0 se manifester : un discret #JeSuisJuif vient d&#8217;appara\u00eetre sous X ancien Twitter ainsi qu&#8217;un visuel \u00e0 la mode Je suis Charlie. Il \u00e9tait temps ; toutefois peu s&#8217;approprie cette bataille. Ce n&#8217;est pas parce que les Fran\u00e7ais sont insensibles aux douleurs du peuple juif\u00a0 mais parce qu&#8217;ils ont peur. [&hellip;]<\/p>\n","protected":false},"author":1,"featured_media":0,"comment_status":"open","ping_status":"open","sticky":false,"template":"","format":"standard","meta":{"footnotes":""},"categories":[1,7],"tags":[],"class_list":["post-5003","post","type-post","status-publish","format-standard","hentry","category-non-classe","category-veillons"],"_links":{"self":[{"href":"https:\/\/dunjouralautre.fr\/index.php\/wp-json\/wp\/v2\/posts\/5003","targetHints":{"allow":["GET"]}}],"collection":[{"href":"https:\/\/dunjouralautre.fr\/index.php\/wp-json\/wp\/v2\/posts"}],"about":[{"href":"https:\/\/dunjouralautre.fr\/index.php\/wp-json\/wp\/v2\/types\/post"}],"author":[{"embeddable":true,"href":"https:\/\/dunjouralautre.fr\/index.php\/wp-json\/wp\/v2\/users\/1"}],"replies":[{"embeddable":true,"href":"https:\/\/dunjouralautre.fr\/index.php\/wp-json\/wp\/v2\/comments?post=5003"}],"version-history":[{"count":4,"href":"https:\/\/dunjouralautre.fr\/index.php\/wp-json\/wp\/v2\/posts\/5003\/revisions"}],"predecessor-version":[{"id":5010,"href":"https:\/\/dunjouralautre.fr\/index.php\/wp-json\/wp\/v2\/posts\/5003\/revisions\/5010"}],"wp:attachment":[{"href":"https:\/\/dunjouralautre.fr\/index.php\/wp-json\/wp\/v2\/media?parent=5003"}],"wp:term":[{"taxonomy":"category","embeddable":true,"href":"https:\/\/dunjouralautre.fr\/index.php\/wp-json\/wp\/v2\/categories?post=5003"},{"taxonomy":"post_tag","embeddable":true,"href":"https:\/\/dunjouralautre.fr\/index.php\/wp-json\/wp\/v2\/tags?post=5003"}],"curies":[{"name":"wp","href":"https:\/\/api.w.org\/{rel}","templated":true}]}}