{"id":5006,"date":"2023-11-03T10:41:27","date_gmt":"2023-11-03T09:41:27","guid":{"rendered":"https:\/\/dunjouralautre.fr\/?p=5006"},"modified":"2024-03-05T11:32:49","modified_gmt":"2024-03-05T10:32:49","slug":"moi-cest-le-droit-a-la-vie","status":"publish","type":"post","link":"https:\/\/dunjouralautre.fr\/index.php\/2023\/11\/03\/moi-cest-le-droit-a-la-vie\/","title":{"rendered":"Moi c&#8217;est le droit \u00e0 la vie."},"content":{"rendered":"<p>La France est actuellement sous la menace islamiste et M. MACRON pour nous occuper et nous divertir &#8211; dans le sens de diversion &#8211; propose de mettre le droit \u00e0 l&#8217;avortement dans la Constitution, notre texte supr\u00eame. Pourquoi ? Ce droit est-il menac\u00e9 ? Si oui, par qui ? Pour qui ? Il est exact que les lois peuvent changer, \u00eatre modifi\u00e9e, r\u00e9form\u00e9e et constitutionnaliser un droit c&#8217;est l&#8217;inscrire dans le marbre.<\/p>\n<p>En France, en moyenne par an, il se fait 200 000 avortements. C&#8217;est assez cons\u00e9quent de mon point de vue. L&#8217;avortement touche diff\u00e9rents domaines : moral, religieux, soci\u00e9tal, \u00e9conomique et migratoire. Sur le plan moral et religieux, on peut partir du principe que chacun fait comme il l&#8217;entend puisque l&#8217;avortement est l\u00e9galis\u00e9. Le probl\u00e8me moral tient surtout sur la relation m\u00e8re\/enfant. Tuer son propre enfant est difficile. Comme souvent la faute d&#8217;Adam et d&#8217;Eve\u00a0 retombe sur la femme, seule. Il est avantageux pour les hommes d&#8217;approuver l&#8217;avortement leur \u00e9vitant de fait la responsabilit\u00e9 d&#8217;une paternit\u00e9 non d\u00e9sir\u00e9e. L&#8217;avortement est-il pardonn\u00e9 par Dieu ? Je ne sais pas mais je me souviens de ce verset &#8220;d\u00e8s le sein de ta m\u00e8re je te connaissais&#8221;.<\/p>\n<p>Sur le plan soci\u00e9tal, les 200 000 enfants manquant \u00e0 notre nation sont un manque \u00e0 gagner \u00e9vident. Les forces vives de la France s&#8217;amenuisent au fil des g\u00e9n\u00e9rations, la pyramide des \u00e2ges montre que la France vieillit. Les Fran\u00e7ais ne font plus d&#8217;enfant, ils les avortent. Une g\u00e9n\u00e9ration qui se coupe l&#8217;herbe sous les pieds. Une nation sans r\u00e9el avenir. D&#8217;un point de vue \u00e9conomique mettre un enfant au monde c&#8217;est assurer d&#8217;une part le syst\u00e8me \u00e9conomique d&#8217;une consommation qui vient renforcer le PIB sur des d\u00e9cennies. Il faut habiller l&#8217;enfant, le loger, le chauffer, le transporter, lui offrir des cadeaux pour son anniversaire, lui acheter un v\u00e9lo, plus tard une voiture&#8230; 200 000 consommateurs fran\u00e7ais en moins en moyenne par an cela fait beaucoup de non consommateurs, beaucoup de chiffres d&#8217;affaires manqu\u00e9s, beaucoup d&#8217;argent en moins dans le syst\u00e8me. Le co\u00fbt de l&#8217;avortement support\u00e9 par la s\u00e9curit\u00e9 sociale, c&#8217;est \u00e0 dire les travailleurs Fran\u00e7ais et \u00e9trangers en France, est quasiment nul compar\u00e9 au manque \u00e0 gagner d&#8217;une naissance pour le syst\u00e8me \u00e9conomique.<\/p>\n<p>D&#8217;autre part, il existe une dimension soci\u00e9tale \u00e0 savoir que mettre un enfant au monde c&#8217;est s&#8217;assurer de son avenir dans le futur. Qui s&#8217;occupera de cette g\u00e9n\u00e9ration lorsqu&#8217;elle sera vieillissante ? Qui veillera sur leurs tombes ? Qui les visitera sur leur lit d&#8217;h\u00f4pital ? Ces personnes ayant avort\u00e9 les enfants se retrouveront bien seules dans l&#8217;hiver de leur vie. Que me chaut, diront-elles, j&#8217;ai cotis\u00e9 pour ma retraite&#8230; Certes, sauf que le droit \u00e0 la retraite comme tous les droits ne sont pas imprescriptibles&#8230; Un changement de civilisation et les droits \u00e0 la retraite vous passent sous le nez&#8230; <strong>Pensez-vous r\u00e9ellement que le nouveau peuple de France travaillera pour assurer aux vieux blancs racistes, anciens colonisateurs, une retraite dor\u00e9e ?\u00a0<\/strong><\/p>\n<p>&nbsp;<\/p>\n<p>Une nation sans r\u00e9el avenir, disais-je ? Peut-\u00eatre pas. Les ma\u00eetres du monde, c&#8217;est \u00e0 dire les ma\u00eetres penseurs du monde futur, ont bien pris en compte cette d\u00e9natalit\u00e9 &#8211; voulue ? programm\u00e9e ? &#8211; qui engendre ces probl\u00e8mes \u00e9conomiques. Les Fran\u00e7ais ne font plus d&#8217;enfants ce n&#8217;est pas un probl\u00e8me, voil\u00e0 la solution : les enfants seront remplac\u00e9s par des adultes dont les besoins sont ceux d&#8217;adultes. Exit les ann\u00e9es de la petite enfance, de l&#8217;adolescence qui ne profitent qu&#8217;au secteur de la pu\u00e9riculture et de l&#8217;\u00e9ducation. Le consommateur &#8220;nait&#8221; \u00e0 l&#8217;\u00e2ge adulte et consomme dans les secteurs de l&#8217;\u00e2ge adulte et en plus il produit &#8211; et \u00e0 bas co\u00fbt ! L\u00e0 o\u00f9 un enfant\/ado ne peut pas travailler -loi oblige- l&#8217;adulte, lui, peut ! Plus de consomm-acteurs travailleurs et moins de &#8220;petits&#8221; consommateurs. L&#8217;enfant n&#8217;est plus un produit rentable, il faut investir durant trop longtemps avant qu&#8217;il ne consomme&#8230; alors investissons dans le consomm-acteur d\u00e9j\u00e0 fini. Mais comment peut-on avoir des adultes consomm-acteurs sans qu&#8217;ils aient \u00e9t\u00e9 enfant auparavant ? Et bien en faisant venir de l&#8217;ext\u00e9rieur des adultes, tout simplement ! Et vu qu&#8217;ils sont moins qualifi\u00e9s, ils seront moins pay\u00e9s. Il n&#8217;y a pas de petit b\u00e9n\u00e9fice. M. M\u00e9lenchon en d\u00e9fendant le droit \u00e0 l&#8217;immigration se bat en v\u00e9rit\u00e9 pour les grands patrons, ne le saviez-vous pas ?<\/p>\n<p>Devant le d\u00e9r\u00e8glement climatique et un futur annonc\u00e9 apocalyptique par les climatologues (M. Jouzel) , \u00e9conomistes (M. Jancovici) philosophe (M. Barrau)&#8230; un de mes proches fait valoir que l&#8217;humanit\u00e9 trouvera bien une solution miracle pour s&#8217;en sortir, qu&#8217;un petit g\u00e9nie inventera le syst\u00e8me qui sauvera la plan\u00e8te Terre. Ma r\u00e9ponse : s&#8217;il ne fait pas partie des 200 000 embryons, pourquoi pas ?<\/p>\n<p>Les Fran\u00e7ais avec leurs 200 000 avortements en moyenne par an se tirent une balle dans le pied, et creusent m\u00eame leur tombe. Ils pr\u00e9f\u00e8rent avorter de leurs enfants et nourrir les enfants d&#8217;une nouvelle identit\u00e9 !\u00a0 Sont-ce ces enfants qui accepteront de vous verser vos retraites ? Quand vous serez vieux et faibles ? Qui vous d\u00e9fendra ? R\u00e9fl\u00e9chissez \u00e0 deux fois avant de <strong>constitutionnaliser<\/strong> un droit qui n&#8217;est qu&#8217;un cauchemar et qui de toute fa\u00e7on ne prot\u00e8ge en rien en cas de changement de civilisation car le marbre peut toujours se casser.<\/p>\n<p>Moi je pr\u00e9f\u00e8re y inscrire le <strong>droit \u00e0 la vie.<\/strong><\/p>\n<p>&nbsp;<\/p>\n<p>&nbsp;<\/p>\n<p>&nbsp;<\/p>\n<p>&nbsp;<\/p>\n<p>&nbsp;<\/p>\n<p>&nbsp;<\/p>\n","protected":false},"excerpt":{"rendered":"<p>La France est actuellement sous la menace islamiste et M. MACRON pour nous occuper et nous divertir &#8211; dans le sens de diversion &#8211; propose de mettre le droit \u00e0 l&#8217;avortement dans la Constitution, notre texte supr\u00eame. Pourquoi ? Ce droit est-il menac\u00e9 ? Si oui, par qui ? Pour qui ? Il est exact [&hellip;]<\/p>\n","protected":false},"author":1,"featured_media":0,"comment_status":"open","ping_status":"open","sticky":false,"template":"","format":"standard","meta":{"footnotes":""},"categories":[7],"tags":[],"class_list":["post-5006","post","type-post","status-publish","format-standard","hentry","category-veillons"],"_links":{"self":[{"href":"https:\/\/dunjouralautre.fr\/index.php\/wp-json\/wp\/v2\/posts\/5006","targetHints":{"allow":["GET"]}}],"collection":[{"href":"https:\/\/dunjouralautre.fr\/index.php\/wp-json\/wp\/v2\/posts"}],"about":[{"href":"https:\/\/dunjouralautre.fr\/index.php\/wp-json\/wp\/v2\/types\/post"}],"author":[{"embeddable":true,"href":"https:\/\/dunjouralautre.fr\/index.php\/wp-json\/wp\/v2\/users\/1"}],"replies":[{"embeddable":true,"href":"https:\/\/dunjouralautre.fr\/index.php\/wp-json\/wp\/v2\/comments?post=5006"}],"version-history":[{"count":3,"href":"https:\/\/dunjouralautre.fr\/index.php\/wp-json\/wp\/v2\/posts\/5006\/revisions"}],"predecessor-version":[{"id":5224,"href":"https:\/\/dunjouralautre.fr\/index.php\/wp-json\/wp\/v2\/posts\/5006\/revisions\/5224"}],"wp:attachment":[{"href":"https:\/\/dunjouralautre.fr\/index.php\/wp-json\/wp\/v2\/media?parent=5006"}],"wp:term":[{"taxonomy":"category","embeddable":true,"href":"https:\/\/dunjouralautre.fr\/index.php\/wp-json\/wp\/v2\/categories?post=5006"},{"taxonomy":"post_tag","embeddable":true,"href":"https:\/\/dunjouralautre.fr\/index.php\/wp-json\/wp\/v2\/tags?post=5006"}],"curies":[{"name":"wp","href":"https:\/\/api.w.org\/{rel}","templated":true}]}}