{"id":5046,"date":"2023-11-25T17:15:13","date_gmt":"2023-11-25T16:15:13","guid":{"rendered":"https:\/\/dunjouralautre.fr\/?p=5046"},"modified":"2024-11-03T16:22:22","modified_gmt":"2024-11-03T15:22:22","slug":"les-santons-de-provence","status":"publish","type":"post","link":"https:\/\/dunjouralautre.fr\/index.php\/2023\/11\/25\/les-santons-de-provence\/","title":{"rendered":"Les santons de Provence"},"content":{"rendered":"<p>Depuis le d\u00e9but des ann\u00e9es 1990, je n&#8217;avais plus de cr\u00e8che proven\u00e7ale \u00e0 monter pour la p\u00e9riode calendale. J&#8217;avais bien quelques santons trouv\u00e9s dans des couronnes des Rois qui bon an mal an faisaient &#8220;l&#8217;affaire&#8221;. Ma cr\u00e8che \u00e9tait tout de m\u00eame bien poulido et chaque ann\u00e9e j&#8217;en recevais des f\u00e9licitations de mes filles. Mes petits santons &#8220;puce&#8221; me permettait de cr\u00e9er une cr\u00e8che sous le sapin, sur un petit gu\u00e9ridon en bois que j&#8217;habillais d&#8217;une nappe gris souris et que je recouvrais de papier cr\u00e8che bien vieux et bien froiss\u00e9 &#8211; c&#8217;est l\u00e0 o\u00f9 il est le plus beau, agr\u00e9ment\u00e9 de mousse que je trouvais pas tr\u00e8s loin de chez nous. Tous les matins je pulv\u00e9risais la mousse avec de l&#8217;eau afin de la garder fraiche et verte, et l&#8217;odeur de la mousse mouill\u00e9e p\u00e9n\u00e9trait l&#8217;appartement et lui conf\u00e9rait une ambiance foresti\u00e8re&#8230;<\/p>\n<p>Cette ann\u00e9e, la cr\u00e8che sera diff\u00e9rente. Nous avons &#8220;h\u00e9rit\u00e9&#8221; du restant de la cr\u00e8che de Claude, d\u00e9c\u00e9d\u00e9e en d\u00e9but d&#8217;ann\u00e9e. Des santons de 11 cm environ, venant d&#8217;ateliers de santonniers diff\u00e9rents pour lesquels Gaubert, Carbonel&#8230; Nombreux d&#8217;entre eux sont amput\u00e9s d&#8217;un bras, d&#8217;une jambe ou \u00e9t\u00eat\u00e9s et ne pourront plus parader.<\/p>\n<p>Quelques uns ont encore -malgr\u00e9 leur \u00e2ge et je suppose leur mauvaise condition de conservation- fi\u00e8re allure. On y trouve le r\u00e9mouleur, la vieille \u00e0 la chaufferette, la femme \u00e0 l&#8217;ail et au lapin, trois rois mages, la Sainte famille, une\u00a0 autre vieille \u00e0 la chaufferette, l&#8217;homme \u00e0 la dinde et au pain, la vieille au berceau, le p\u00e8lerin de Saint-Jacques, la femme ravie, l&#8217;Arl\u00e9sienne, 4 moutons, le b\u0153uf et l&#8217;\u00e2ne.<\/p>\n<p>\u00a0<\/p>\n<figure id=\"attachment_5048\" aria-describedby=\"caption-attachment-5048\" style=\"width: 604px\" class=\"wp-caption aligncenter\"><img fetchpriority=\"high\" decoding=\"async\" class=\"wp-image-5048 \" src=\"https:\/\/dunjouralautre.fr\/wp-content\/uploads\/2023\/11\/ZuNhOhBJSdmmqCMF79yS0Q-300x225.jpg\" alt=\"\" width=\"604\" height=\"453\" srcset=\"https:\/\/dunjouralautre.fr\/wp-content\/uploads\/2023\/11\/ZuNhOhBJSdmmqCMF79yS0Q-300x225.jpg 300w, https:\/\/dunjouralautre.fr\/wp-content\/uploads\/2023\/11\/ZuNhOhBJSdmmqCMF79yS0Q-1024x768.jpg 1024w, https:\/\/dunjouralautre.fr\/wp-content\/uploads\/2023\/11\/ZuNhOhBJSdmmqCMF79yS0Q-768x576.jpg 768w, https:\/\/dunjouralautre.fr\/wp-content\/uploads\/2023\/11\/ZuNhOhBJSdmmqCMF79yS0Q-1536x1152.jpg 1536w, https:\/\/dunjouralautre.fr\/wp-content\/uploads\/2023\/11\/ZuNhOhBJSdmmqCMF79yS0Q-350x263.jpg 350w, https:\/\/dunjouralautre.fr\/wp-content\/uploads\/2023\/11\/ZuNhOhBJSdmmqCMF79yS0Q.jpg 2048w\" sizes=\"(max-width: 604px) 100vw, 604px\" \/><figcaption id=\"caption-attachment-5048\" class=\"wp-caption-text\">Les rescap\u00e9s.<\/figcaption><\/figure>\n<p>\u00a0<\/p>\n<p>La famille de santons s&#8217;agrandit avec l&#8217;acquisition d&#8217;un berger dans le mistral et d&#8217;une vieille au fagot qui nous viennent de chez ESCOFFIER<\/p>\n<figure id=\"attachment_5051\" aria-describedby=\"caption-attachment-5051\" style=\"width: 539px\" class=\"wp-caption aligncenter\"><img decoding=\"async\" class=\"wp-image-5051\" src=\"https:\/\/dunjouralautre.fr\/wp-content\/uploads\/2023\/11\/IMG_9669-300x225.jpg\" alt=\"\" width=\"539\" height=\"404\" srcset=\"https:\/\/dunjouralautre.fr\/wp-content\/uploads\/2023\/11\/IMG_9669-300x225.jpg 300w, https:\/\/dunjouralautre.fr\/wp-content\/uploads\/2023\/11\/IMG_9669-1024x768.jpg 1024w, https:\/\/dunjouralautre.fr\/wp-content\/uploads\/2023\/11\/IMG_9669-768x576.jpg 768w, https:\/\/dunjouralautre.fr\/wp-content\/uploads\/2023\/11\/IMG_9669-1536x1152.jpg 1536w, https:\/\/dunjouralautre.fr\/wp-content\/uploads\/2023\/11\/IMG_9669-350x263.jpg 350w, https:\/\/dunjouralautre.fr\/wp-content\/uploads\/2023\/11\/IMG_9669.jpg 2016w\" sizes=\"(max-width: 539px) 100vw, 539px\" \/><figcaption id=\"caption-attachment-5051\" class=\"wp-caption-text\">Maison ESCOFFIER<\/figcaption><\/figure>\n<p>\u00a0<\/p>\n<p>d&#8217;un vieux berger, d&#8217;un tambourina\u00efre, d&#8217;un chasseur, d&#8217;un ravi et d&#8217;un brigand qui sortent de l&#8217;atelier de Marcel CARBONEL.<\/p>\n<figure id=\"attachment_5052\" aria-describedby=\"caption-attachment-5052\" style=\"width: 561px\" class=\"wp-caption aligncenter\"><img decoding=\"async\" class=\"wp-image-5052\" src=\"https:\/\/dunjouralautre.fr\/wp-content\/uploads\/2023\/11\/IMG_9671-300x225.jpg\" alt=\"\" width=\"561\" height=\"421\" srcset=\"https:\/\/dunjouralautre.fr\/wp-content\/uploads\/2023\/11\/IMG_9671-300x225.jpg 300w, https:\/\/dunjouralautre.fr\/wp-content\/uploads\/2023\/11\/IMG_9671-1024x768.jpg 1024w, https:\/\/dunjouralautre.fr\/wp-content\/uploads\/2023\/11\/IMG_9671-768x576.jpg 768w, https:\/\/dunjouralautre.fr\/wp-content\/uploads\/2023\/11\/IMG_9671-1536x1152.jpg 1536w, https:\/\/dunjouralautre.fr\/wp-content\/uploads\/2023\/11\/IMG_9671-350x263.jpg 350w, https:\/\/dunjouralautre.fr\/wp-content\/uploads\/2023\/11\/IMG_9671.jpg 2016w\" sizes=\"(max-width: 561px) 100vw, 561px\" \/><figcaption id=\"caption-attachment-5052\" class=\"wp-caption-text\">Atelier Marcel CARBONEL<\/figcaption><\/figure>\n<p>Nous avons \u00e9t\u00e9 enchant\u00e9s de notre visite sur Marseille, de l&#8217;accueil que nous avons re\u00e7u chez les diff\u00e9rents santonniers, ainsi qu&#8217;au Four des Navettes de la Joliette o\u00f9 nous avons fait le plein pour l&#8217;ann\u00e9e. Nous avons \u00e9t\u00e9 ravis de notre repas avec Ang\u00e9lique au restaurant\u00a0 La Piscine sur le quai du vieux port et de l&#8217;ambiance calme et d\u00e9tendue que nous avons remarqu\u00e9e dans les diff\u00e9rents quartiers de la ville.<\/p>\n<p>\u00a0<\/p>\n<p><img loading=\"lazy\" decoding=\"async\" class=\"wp-image-5054 aligncenter\" src=\"https:\/\/dunjouralautre.fr\/wp-content\/uploads\/2023\/11\/2VlVjfe1S9OIub-J9E9tmQ-300x225.jpg\" alt=\"\" width=\"812\" height=\"609\" srcset=\"https:\/\/dunjouralautre.fr\/wp-content\/uploads\/2023\/11\/2VlVjfe1S9OIub-J9E9tmQ-300x225.jpg 300w, https:\/\/dunjouralautre.fr\/wp-content\/uploads\/2023\/11\/2VlVjfe1S9OIub-J9E9tmQ-1024x768.jpg 1024w, https:\/\/dunjouralautre.fr\/wp-content\/uploads\/2023\/11\/2VlVjfe1S9OIub-J9E9tmQ-768x576.jpg 768w, https:\/\/dunjouralautre.fr\/wp-content\/uploads\/2023\/11\/2VlVjfe1S9OIub-J9E9tmQ-1536x1152.jpg 1536w, https:\/\/dunjouralautre.fr\/wp-content\/uploads\/2023\/11\/2VlVjfe1S9OIub-J9E9tmQ-350x263.jpg 350w, https:\/\/dunjouralautre.fr\/wp-content\/uploads\/2023\/11\/2VlVjfe1S9OIub-J9E9tmQ.jpg 2048w\" sizes=\"(max-width: 812px) 100vw, 812px\" \/><\/p>\n<p>\u00a0<\/p>\n<p>\u00a0<\/p>\n\n\n<p><\/p>\n","protected":false},"excerpt":{"rendered":"<p>Depuis le d\u00e9but des ann\u00e9es 1990, je n&#8217;avais plus de cr\u00e8che proven\u00e7ale \u00e0 monter pour la p\u00e9riode calendale. J&#8217;avais bien quelques santons trouv\u00e9s dans des couronnes des Rois qui bon an mal an faisaient &#8220;l&#8217;affaire&#8221;. Ma cr\u00e8che \u00e9tait tout de m\u00eame bien poulido et chaque ann\u00e9e j&#8217;en recevais des f\u00e9licitations de mes filles. Mes petits [&hellip;]<\/p>\n","protected":false},"author":1,"featured_media":0,"comment_status":"open","ping_status":"open","sticky":false,"template":"","format":"standard","meta":{"footnotes":""},"categories":[10,7],"tags":[],"class_list":["post-5046","post","type-post","status-publish","format-standard","hentry","category-beau-et-bon","category-veillons"],"_links":{"self":[{"href":"https:\/\/dunjouralautre.fr\/index.php\/wp-json\/wp\/v2\/posts\/5046","targetHints":{"allow":["GET"]}}],"collection":[{"href":"https:\/\/dunjouralautre.fr\/index.php\/wp-json\/wp\/v2\/posts"}],"about":[{"href":"https:\/\/dunjouralautre.fr\/index.php\/wp-json\/wp\/v2\/types\/post"}],"author":[{"embeddable":true,"href":"https:\/\/dunjouralautre.fr\/index.php\/wp-json\/wp\/v2\/users\/1"}],"replies":[{"embeddable":true,"href":"https:\/\/dunjouralautre.fr\/index.php\/wp-json\/wp\/v2\/comments?post=5046"}],"version-history":[{"count":5,"href":"https:\/\/dunjouralautre.fr\/index.php\/wp-json\/wp\/v2\/posts\/5046\/revisions"}],"predecessor-version":[{"id":5419,"href":"https:\/\/dunjouralautre.fr\/index.php\/wp-json\/wp\/v2\/posts\/5046\/revisions\/5419"}],"wp:attachment":[{"href":"https:\/\/dunjouralautre.fr\/index.php\/wp-json\/wp\/v2\/media?parent=5046"}],"wp:term":[{"taxonomy":"category","embeddable":true,"href":"https:\/\/dunjouralautre.fr\/index.php\/wp-json\/wp\/v2\/categories?post=5046"},{"taxonomy":"post_tag","embeddable":true,"href":"https:\/\/dunjouralautre.fr\/index.php\/wp-json\/wp\/v2\/tags?post=5046"}],"curies":[{"name":"wp","href":"https:\/\/api.w.org\/{rel}","templated":true}]}}