{"id":5103,"date":"2023-12-24T07:09:15","date_gmt":"2023-12-24T06:09:15","guid":{"rendered":"https:\/\/dunjouralautre.fr\/?p=5103"},"modified":"2023-11-27T10:09:44","modified_gmt":"2023-11-27T09:09:44","slug":"la-vitesse","status":"publish","type":"post","link":"https:\/\/dunjouralautre.fr\/index.php\/2023\/12\/24\/la-vitesse\/","title":{"rendered":"La vitesse"},"content":{"rendered":"<div dir=\"auto\">La vitesse \u00e0 laquelle les changements peuvent se manifester te stup\u00e9fiera. Tu as \u00e9t\u00e9 pr\u00e9par\u00e9 pour ces changements depuis longtemps. A travers les \u00e2ges, jour apr\u00e8s jour, mois apr\u00e8s mois, ann\u00e9e apr\u00e8s ann\u00e9e, J&#8217;ai tr\u00e8s patiemment pr\u00e9par\u00e9 la sc\u00e8ne pour que ces changements prennent place. Il t&#8217;a \u00e9t\u00e9 donn\u00e9 toutes les occasions de t&#8217;ajuster et de te pr\u00e9parer ; donc tu devrais pouvoir avancer sans difficult\u00e9. C&#8217;est une question de conscience, d&#8217;\u00eatre capable d&#8217;\u00e9lever ta conscience et de t&#8217;ajuster \u00e0 tout ce qui se fait. Les \u00e2mes qui ont connaissance de la conscience du Christ sont attir\u00e9es ensemble en ce moment comme l&#8217;acier vers un aimant. IL arrive qu&#8217;elles n&#8217;en soient pas toujours conscientes sur le moment, mais cela deviendra tr\u00e8s clair pour elles dans les temps qui suivent. C&#8217;est cette conscience qui attire de plus en plus d&#8217;\u00e2mes ensemble afin que vous puissiez tous devenir conscient du Christ \u00e0 l&#8217;int\u00e9rieur, et rendre gr\u00e2ce \u00e9ternellement pour cette conscience.<\/div>\n<div dir=\"auto\">Eileen Caddy<\/div>\n","protected":false},"excerpt":{"rendered":"<p>La vitesse \u00e0 laquelle les changements peuvent se manifester te stup\u00e9fiera. Tu as \u00e9t\u00e9 pr\u00e9par\u00e9 pour ces changements depuis longtemps. A travers les \u00e2ges, jour apr\u00e8s jour, mois apr\u00e8s mois, ann\u00e9e apr\u00e8s ann\u00e9e, J&#8217;ai tr\u00e8s patiemment pr\u00e9par\u00e9 la sc\u00e8ne pour que ces changements prennent place. Il t&#8217;a \u00e9t\u00e9 donn\u00e9 toutes les occasions de t&#8217;ajuster et [&hellip;]<\/p>\n","protected":false},"author":1,"featured_media":0,"comment_status":"open","ping_status":"open","sticky":false,"template":"","format":"standard","meta":{"footnotes":""},"categories":[8],"tags":[],"class_list":["post-5103","post","type-post","status-publish","format-standard","hentry","category-eileen-caddy"],"_links":{"self":[{"href":"https:\/\/dunjouralautre.fr\/index.php\/wp-json\/wp\/v2\/posts\/5103","targetHints":{"allow":["GET"]}}],"collection":[{"href":"https:\/\/dunjouralautre.fr\/index.php\/wp-json\/wp\/v2\/posts"}],"about":[{"href":"https:\/\/dunjouralautre.fr\/index.php\/wp-json\/wp\/v2\/types\/post"}],"author":[{"embeddable":true,"href":"https:\/\/dunjouralautre.fr\/index.php\/wp-json\/wp\/v2\/users\/1"}],"replies":[{"embeddable":true,"href":"https:\/\/dunjouralautre.fr\/index.php\/wp-json\/wp\/v2\/comments?post=5103"}],"version-history":[{"count":1,"href":"https:\/\/dunjouralautre.fr\/index.php\/wp-json\/wp\/v2\/posts\/5103\/revisions"}],"predecessor-version":[{"id":5104,"href":"https:\/\/dunjouralautre.fr\/index.php\/wp-json\/wp\/v2\/posts\/5103\/revisions\/5104"}],"wp:attachment":[{"href":"https:\/\/dunjouralautre.fr\/index.php\/wp-json\/wp\/v2\/media?parent=5103"}],"wp:term":[{"taxonomy":"category","embeddable":true,"href":"https:\/\/dunjouralautre.fr\/index.php\/wp-json\/wp\/v2\/categories?post=5103"},{"taxonomy":"post_tag","embeddable":true,"href":"https:\/\/dunjouralautre.fr\/index.php\/wp-json\/wp\/v2\/tags?post=5103"}],"curies":[{"name":"wp","href":"https:\/\/api.w.org\/{rel}","templated":true}]}}