{"id":5134,"date":"2023-12-15T13:58:30","date_gmt":"2023-12-15T12:58:30","guid":{"rendered":"https:\/\/dunjouralautre.fr\/?p=5134"},"modified":"2023-12-15T14:02:01","modified_gmt":"2023-12-15T13:02:01","slug":"toujours-a-la-carte","status":"publish","type":"post","link":"https:\/\/dunjouralautre.fr\/index.php\/2023\/12\/15\/toujours-a-la-carte\/","title":{"rendered":"Toujours \u00e0 la carte !"},"content":{"rendered":"<p>&nbsp;<\/p>\n<p>Tous les jours dans toutes les \u00e9glises catholiques romaines du monde les textes liturgiques sont lus. Le premier texte est tir\u00e9 de l&#8217;Ancien Testament et actuellement, p\u00e9riode de l&#8217;Avent, il s&#8217;agit du livre d&#8217;Isa\u00efe. Le second texte est toujours un Psaume, ou une partie de Psaume, car ils sont quelquefois tr\u00e8s longs. Le troisi\u00e8me est un texte extrait d&#8217;un des quatre \u00c9vangiles, c&#8217;est le texte majeur.<\/p>\n<p>Ce qui m&#8217;int\u00e9resse ici c&#8217;est le Psaume. J&#8217;ai souvent remarqu\u00e9 que le Psaume est amput\u00e9 de quelques versets et je trouve fort dommageable de tronquer ainsi la Parole de Dieu. Le Psaume du mercredi 13 d\u00e9cembre 2023\u00a0 est encore une fois &#8220;\u00e0 la carte&#8221; !<\/p>\n<p>Vous trouverez ci-dessous les photos du m\u00eame Psaume dans des versions diff\u00e9rentes. La premi\u00e8re photo est une copie d&#8217;\u00e9cran du Psaume 102 (103) du mercredi 13 d\u00e9cembre 2023 tir\u00e9e de l&#8217;application de l&#8217;AELF, (Association Episcopale Liturgique pour les pays francophones) qui &#8220;officialise&#8221; les textes.<\/p>\n<p>La seconde photo est issue de la bible de J\u00e9rusalem et note Psaume 103 (102).<\/p>\n<p>La troisi\u00e8me photo est une capture d&#8217;\u00e9cran du Psaume 103 de la bible num\u00e9rique d&#8217;\u00e9tude Louis Segond.<\/p>\n<p>&nbsp;<\/p>\n<div class=\"su-table su-table-alternate\">\n<table>\n<tbody>\n<tr>\n<td><img fetchpriority=\"high\" decoding=\"async\" class=\"alignnone size-medium wp-image-5135\" src=\"https:\/\/dunjouralautre.fr\/wp-content\/uploads\/2023\/12\/Capture-decran-.-2023-12-15-a-12.27.06-300x225.jpeg\" alt=\"\" width=\"300\" height=\"225\" srcset=\"https:\/\/dunjouralautre.fr\/wp-content\/uploads\/2023\/12\/Capture-decran-.-2023-12-15-a-12.27.06-300x225.jpeg 300w, https:\/\/dunjouralautre.fr\/wp-content\/uploads\/2023\/12\/Capture-decran-.-2023-12-15-a-12.27.06-1024x768.jpeg 1024w, https:\/\/dunjouralautre.fr\/wp-content\/uploads\/2023\/12\/Capture-decran-.-2023-12-15-a-12.27.06-768x576.jpeg 768w, https:\/\/dunjouralautre.fr\/wp-content\/uploads\/2023\/12\/Capture-decran-.-2023-12-15-a-12.27.06-1536x1152.jpeg 1536w, https:\/\/dunjouralautre.fr\/wp-content\/uploads\/2023\/12\/Capture-decran-.-2023-12-15-a-12.27.06-2048x1536.jpeg 2048w, https:\/\/dunjouralautre.fr\/wp-content\/uploads\/2023\/12\/Capture-decran-.-2023-12-15-a-12.27.06-350x263.jpeg 350w\" sizes=\"(max-width: 300px) 100vw, 300px\" \/><\/td>\n<td><img decoding=\"async\" class=\"alignnone wp-image-5136 size-medium\" src=\"https:\/\/dunjouralautre.fr\/wp-content\/uploads\/2023\/12\/IMG_9734-rotated-e1702639867551-300x225.jpg\" alt=\"\" width=\"300\" height=\"225\" srcset=\"https:\/\/dunjouralautre.fr\/wp-content\/uploads\/2023\/12\/IMG_9734-rotated-e1702639867551-300x225.jpg 300w, https:\/\/dunjouralautre.fr\/wp-content\/uploads\/2023\/12\/IMG_9734-rotated-e1702639867551-350x263.jpg 350w, https:\/\/dunjouralautre.fr\/wp-content\/uploads\/2023\/12\/IMG_9734-rotated-e1702639867551.jpg 640w\" sizes=\"(max-width: 300px) 100vw, 300px\" \/><\/td>\n<td><img decoding=\"async\" class=\"alignnone size-medium wp-image-5137\" src=\"https:\/\/dunjouralautre.fr\/wp-content\/uploads\/2023\/12\/Capture-decran-.-2023-12-15-a-12.31.50-300x225.jpeg\" alt=\"\" width=\"300\" height=\"225\" srcset=\"https:\/\/dunjouralautre.fr\/wp-content\/uploads\/2023\/12\/Capture-decran-.-2023-12-15-a-12.31.50-300x225.jpeg 300w, https:\/\/dunjouralautre.fr\/wp-content\/uploads\/2023\/12\/Capture-decran-.-2023-12-15-a-12.31.50-1024x768.jpeg 1024w, https:\/\/dunjouralautre.fr\/wp-content\/uploads\/2023\/12\/Capture-decran-.-2023-12-15-a-12.31.50-768x576.jpeg 768w, https:\/\/dunjouralautre.fr\/wp-content\/uploads\/2023\/12\/Capture-decran-.-2023-12-15-a-12.31.50-1536x1152.jpeg 1536w, https:\/\/dunjouralautre.fr\/wp-content\/uploads\/2023\/12\/Capture-decran-.-2023-12-15-a-12.31.50-2048x1536.jpeg 2048w, https:\/\/dunjouralautre.fr\/wp-content\/uploads\/2023\/12\/Capture-decran-.-2023-12-15-a-12.31.50-350x263.jpeg 350w\" sizes=\"(max-width: 300px) 100vw, 300px\" \/><\/td>\n<\/tr>\n<\/tbody>\n<\/table>\n<\/div>\n<p>Quels sont les versets amput\u00e9s ? Il s&#8217;agit des versets 5, 6, 7 et 9 qui nous apprennent que Dieu nous rassasie, nous rajeunit, fait droit aux opprim\u00e9s !<\/p>\n<div class=\"su-table su-table-alternate\">\n<table>\n<tbody>\n<tr>\n<td><\/td>\n<td>&#8230;<\/p>\n<p>5 qui rassasie de biens tes ann\u00e9es,<\/p>\n<p>et comme l&#8217;aigle se renouvelle ta jeunesse<\/p>\n<p>6Yavh\u00e9 qui fait \u0153uvre de justice<\/p>\n<p>et fait droit \u00e0 tous les opprim\u00e9s<\/p>\n<p>7 r\u00e9v\u00e9la ses desseins \u00e0 Mo\u00efse,<\/p>\n<p>aux fils d&#8217;Isra\u00ebl ses hauts faits<\/p>\n<p>&#8230;<\/p>\n<p>9 elle n&#8217;est pas jusqu&#8217;\u00e0 la fin, sa querelle,<\/p>\n<p>elle n&#8217;est pas pour toujours sa rancune ;<\/p>\n<p>&#8230;<\/td>\n<td>&#8230;<\/p>\n<p>5 C&#8217;est lui qui rassasie de biens ta vieillesse,<\/p>\n<p>qui te fait rajeunir comme l&#8217;aigle.<\/p>\n<p>6 l&#8217;Eternel fait justice,<\/p>\n<p>il fait droit \u00e0 tous les opprim\u00e9s.<\/p>\n<p>7 Il a fit conna\u00eetre ses voies \u00e0 Mo\u00efse,<\/p>\n<p>ses hauts faits aux enfants d&#8217;Isra\u00ebl.<\/p>\n<p>&#8230;<\/p>\n<p>9 Il ne conteste pas sans fin,<\/p>\n<p>il ne garde pas \u00e9ternellement sa col\u00e8re.<\/p>\n<p>&#8230;<\/td>\n<\/tr>\n<\/tbody>\n<\/table>\n<\/div>\n<p>Une autre question que je me pose c&#8217;est de savoir s&#8217;il s&#8217;agit du Ps 102 (103) ou du Ps 103 (102) ? Ce n&#8217;est pas tr\u00e8s net&#8230;<\/p>\n<blockquote class=\"wp-embedded-content\" data-secret=\"AJdzle3WOr\"><p><a href=\"https:\/\/dunjouralautre.fr\/index.php\/2022\/02\/15\/rome-a-la-carte\/\">Rome \u00e0 la carte.<\/a><\/p><\/blockquote>\n<p><iframe class=\"wp-embedded-content\" sandbox=\"allow-scripts\" security=\"restricted\" style=\"position: absolute; visibility: hidden;\" title=\"&#8220;Rome \u00e0 la carte.&#8221; &#8212; D&#039;un jour \u00e0 l&#039;autre...\" src=\"https:\/\/dunjouralautre.fr\/index.php\/2022\/02\/15\/rome-a-la-carte\/embed\/#?secret=dna59GIpaT#?secret=AJdzle3WOr\" data-secret=\"AJdzle3WOr\" width=\"600\" height=\"338\" frameborder=\"0\" marginwidth=\"0\" marginheight=\"0\" scrolling=\"no\"><\/iframe><\/p>\n","protected":false},"excerpt":{"rendered":"<p>&nbsp; Tous les jours dans toutes les \u00e9glises catholiques romaines du monde les textes liturgiques sont lus. Le premier texte est tir\u00e9 de l&#8217;Ancien Testament et actuellement, p\u00e9riode de l&#8217;Avent, il s&#8217;agit du livre d&#8217;Isa\u00efe. Le second texte est toujours un Psaume, ou une partie de Psaume, car ils sont quelquefois tr\u00e8s longs. Le troisi\u00e8me [&hellip;]<\/p>\n","protected":false},"author":1,"featured_media":0,"comment_status":"open","ping_status":"open","sticky":false,"template":"","format":"standard","meta":{"footnotes":""},"categories":[7],"tags":[],"class_list":["post-5134","post","type-post","status-publish","format-standard","hentry","category-veillons"],"_links":{"self":[{"href":"https:\/\/dunjouralautre.fr\/index.php\/wp-json\/wp\/v2\/posts\/5134","targetHints":{"allow":["GET"]}}],"collection":[{"href":"https:\/\/dunjouralautre.fr\/index.php\/wp-json\/wp\/v2\/posts"}],"about":[{"href":"https:\/\/dunjouralautre.fr\/index.php\/wp-json\/wp\/v2\/types\/post"}],"author":[{"embeddable":true,"href":"https:\/\/dunjouralautre.fr\/index.php\/wp-json\/wp\/v2\/users\/1"}],"replies":[{"embeddable":true,"href":"https:\/\/dunjouralautre.fr\/index.php\/wp-json\/wp\/v2\/comments?post=5134"}],"version-history":[{"count":7,"href":"https:\/\/dunjouralautre.fr\/index.php\/wp-json\/wp\/v2\/posts\/5134\/revisions"}],"predecessor-version":[{"id":5144,"href":"https:\/\/dunjouralautre.fr\/index.php\/wp-json\/wp\/v2\/posts\/5134\/revisions\/5144"}],"wp:attachment":[{"href":"https:\/\/dunjouralautre.fr\/index.php\/wp-json\/wp\/v2\/media?parent=5134"}],"wp:term":[{"taxonomy":"category","embeddable":true,"href":"https:\/\/dunjouralautre.fr\/index.php\/wp-json\/wp\/v2\/categories?post=5134"},{"taxonomy":"post_tag","embeddable":true,"href":"https:\/\/dunjouralautre.fr\/index.php\/wp-json\/wp\/v2\/tags?post=5134"}],"curies":[{"name":"wp","href":"https:\/\/api.w.org\/{rel}","templated":true}]}}