{"id":5190,"date":"2024-02-01T10:45:13","date_gmt":"2024-02-01T09:45:13","guid":{"rendered":"https:\/\/dunjouralautre.fr\/?p=5190"},"modified":"2024-02-25T09:49:12","modified_gmt":"2024-02-25T08:49:12","slug":"lagriculteur-esclave-condamne","status":"publish","type":"post","link":"https:\/\/dunjouralautre.fr\/index.php\/2024\/02\/01\/lagriculteur-esclave-condamne\/","title":{"rendered":"L&#8217;agriculteur, esclave condamn\u00e9"},"content":{"rendered":"<div><\/div>\n<div>L&#8217;agriculteur doit produire \u00e0 bas co\u00fbt, autrement la richesse (le PIB) est moindre. L&#8217;\u00e9quilibre entre le prix de vente au consommateur et le prix d&#8217;achat au producteur ne souffre aucun doute : les consommateurs &#8211; nous sommes tous consommateurs- seront toujours privil\u00e9gi\u00e9s (contestations populaires sur le pouvoir d&#8217;achat, budget TVA rentr\u00e9es fiscales), au d\u00e9triment des agriculteurs &#8211; moins nombreux &#8211; qui se voient imposer par l&#8217;UE ou la politique fran\u00e7aise des normes tellement lourdes et absurdes qu&#8217;elles les asphyxient et les obligent \u00e0 la cessation d&#8217;activit\u00e9. C&#8217;est une classe sociale peu nombreuse qui devient l&#8217;esclave du syst\u00e8me agroalimentaire et qui est souvent pieds et points li\u00e9s par les banques et les syndicats ou coop\u00e9ratives agricoles.<\/div>\n<div>Si l&#8217;agriculteur vend son kilo de pommes \u00e0 3 \u20ac ou \u00e0 5\u20ac la marge de richesse pour gonfler le PIB sera diff\u00e9rente. Le plus important pour le syst\u00e8me est que le consommateur final l&#8217;ach\u00e8te \u00e0 un prix raisonnable et pour ce faire l&#8217;agriculteur se sacrifie.<\/div>\n<div><\/div>\n<div>La baisse du nombre d&#8217;exploitant agricole voulue par l&#8217;UE appelle \u00e0 un changement. Baisser les co\u00fbts de production est un imp\u00e9ratif, nous l&#8217;avons vu. Et pour maintenir les prix bas, il faut produire plus. Notre syst\u00e8me de petites unit\u00e9s de production actuel se meurt pour laisser place \u00e0 un syst\u00e8me industrialis\u00e9 du type ferme-usine et o\u00f9 les quantit\u00e9s produites pourront assurer des marges comp\u00e9titives, sur le mod\u00e8le des fermes agricoles des Etats-Unis.<\/div>\n","protected":false},"excerpt":{"rendered":"<p>L&#8217;agriculteur doit produire \u00e0 bas co\u00fbt, autrement la richesse (le PIB) est moindre. L&#8217;\u00e9quilibre entre le prix de vente au consommateur et le prix d&#8217;achat au producteur ne souffre aucun doute : les consommateurs &#8211; nous sommes tous consommateurs- seront toujours privil\u00e9gi\u00e9s (contestations populaires sur le pouvoir d&#8217;achat, budget TVA rentr\u00e9es fiscales), au d\u00e9triment des [&hellip;]<\/p>\n","protected":false},"author":1,"featured_media":0,"comment_status":"open","ping_status":"open","sticky":false,"template":"","format":"standard","meta":{"footnotes":""},"categories":[7],"tags":[],"class_list":["post-5190","post","type-post","status-publish","format-standard","hentry","category-veillons"],"_links":{"self":[{"href":"https:\/\/dunjouralautre.fr\/index.php\/wp-json\/wp\/v2\/posts\/5190","targetHints":{"allow":["GET"]}}],"collection":[{"href":"https:\/\/dunjouralautre.fr\/index.php\/wp-json\/wp\/v2\/posts"}],"about":[{"href":"https:\/\/dunjouralautre.fr\/index.php\/wp-json\/wp\/v2\/types\/post"}],"author":[{"embeddable":true,"href":"https:\/\/dunjouralautre.fr\/index.php\/wp-json\/wp\/v2\/users\/1"}],"replies":[{"embeddable":true,"href":"https:\/\/dunjouralautre.fr\/index.php\/wp-json\/wp\/v2\/comments?post=5190"}],"version-history":[{"count":2,"href":"https:\/\/dunjouralautre.fr\/index.php\/wp-json\/wp\/v2\/posts\/5190\/revisions"}],"predecessor-version":[{"id":5205,"href":"https:\/\/dunjouralautre.fr\/index.php\/wp-json\/wp\/v2\/posts\/5190\/revisions\/5205"}],"wp:attachment":[{"href":"https:\/\/dunjouralautre.fr\/index.php\/wp-json\/wp\/v2\/media?parent=5190"}],"wp:term":[{"taxonomy":"category","embeddable":true,"href":"https:\/\/dunjouralautre.fr\/index.php\/wp-json\/wp\/v2\/categories?post=5190"},{"taxonomy":"post_tag","embeddable":true,"href":"https:\/\/dunjouralautre.fr\/index.php\/wp-json\/wp\/v2\/tags?post=5190"}],"curies":[{"name":"wp","href":"https:\/\/api.w.org\/{rel}","templated":true}]}}