{"id":5206,"date":"2024-02-25T10:03:24","date_gmt":"2024-02-25T09:03:24","guid":{"rendered":"https:\/\/dunjouralautre.fr\/?p=5206"},"modified":"2024-07-01T08:14:23","modified_gmt":"2024-07-01T06:14:23","slug":"communication-non-verbale","status":"publish","type":"post","link":"https:\/\/dunjouralautre.fr\/index.php\/2024\/02\/25\/communication-non-verbale\/","title":{"rendered":"Communication non verbale"},"content":{"rendered":"<p>Ouverture retard\u00e9e et tr\u00e8s mouvement\u00e9e du Salon International de l&#8217;Agriculture 2024 .<\/p>\n<p>La photo suivante illustre l&#8217;ambiance du d\u00e9but de ce salon : un PR, entour\u00e9 d&#8217;Agriculteurs syndiqu\u00e9s ou non qui veulent en finir avec les discours alambiqu\u00e9s du pouvoir. A ses cot\u00e9s un clone \u00e0 lunettes mais qui lui n&#8217;a pas tomb\u00e9 ni la veste ni l&#8217;\u00e9charpe &#8211; clone dont on me dit dans l&#8217;oreillette qu&#8217;il est &#8220;ministre de l&#8217;Agriculture&#8221; &#8211; , les bras crois\u00e9s, le visage ferm\u00e9 ou contrit, \u00e9coute les \u00e9ni\u00e8mes dol\u00e9ances de ces travailleurs infatigables qui nourrissent les Fran\u00e7ais et une partie de l&#8217;UE et du monde.<\/p>\n<p>Le PR, aujourd&#8217;hui encore, leur servira ce qu&#8217;ils veulent entendre.<\/p>\n<p>&nbsp;<\/p>\n<figure id=\"attachment_5208\" aria-describedby=\"caption-attachment-5208\" style=\"width: 420px\" class=\"wp-caption aligncenter\"><img fetchpriority=\"high\" decoding=\"async\" class=\"wp-image-5208\" src=\"https:\/\/dunjouralautre.fr\/wp-content\/uploads\/2024\/02\/Capture-decran-.-2024-02-25-a-09.50.31-300x208.jpeg\" alt=\"\" width=\"420\" height=\"291\" srcset=\"https:\/\/dunjouralautre.fr\/wp-content\/uploads\/2024\/02\/Capture-decran-.-2024-02-25-a-09.50.31-300x208.jpeg 300w, https:\/\/dunjouralautre.fr\/wp-content\/uploads\/2024\/02\/Capture-decran-.-2024-02-25-a-09.50.31-1024x711.jpeg 1024w, https:\/\/dunjouralautre.fr\/wp-content\/uploads\/2024\/02\/Capture-decran-.-2024-02-25-a-09.50.31-768x533.jpeg 768w, https:\/\/dunjouralautre.fr\/wp-content\/uploads\/2024\/02\/Capture-decran-.-2024-02-25-a-09.50.31-1536x1066.jpeg 1536w, https:\/\/dunjouralautre.fr\/wp-content\/uploads\/2024\/02\/Capture-decran-.-2024-02-25-a-09.50.31-350x243.jpeg 350w, https:\/\/dunjouralautre.fr\/wp-content\/uploads\/2024\/02\/Capture-decran-.-2024-02-25-a-09.50.31.jpeg 1909w\" sizes=\"(max-width: 420px) 100vw, 420px\" \/><figcaption id=\"caption-attachment-5208\" class=\"wp-caption-text\">SIA 2024<\/figcaption><\/figure>\n","protected":false},"excerpt":{"rendered":"<p>Ouverture retard\u00e9e et tr\u00e8s mouvement\u00e9e du Salon International de l&#8217;Agriculture 2024 . La photo suivante illustre l&#8217;ambiance du d\u00e9but de ce salon : un PR, entour\u00e9 d&#8217;Agriculteurs syndiqu\u00e9s ou non qui veulent en finir avec les discours alambiqu\u00e9s du pouvoir. A ses cot\u00e9s un clone \u00e0 lunettes mais qui lui n&#8217;a pas tomb\u00e9 ni la [&hellip;]<\/p>\n","protected":false},"author":1,"featured_media":0,"comment_status":"open","ping_status":"open","sticky":false,"template":"","format":"standard","meta":{"footnotes":""},"categories":[7],"tags":[],"class_list":["post-5206","post","type-post","status-publish","format-standard","hentry","category-veillons"],"_links":{"self":[{"href":"https:\/\/dunjouralautre.fr\/index.php\/wp-json\/wp\/v2\/posts\/5206","targetHints":{"allow":["GET"]}}],"collection":[{"href":"https:\/\/dunjouralautre.fr\/index.php\/wp-json\/wp\/v2\/posts"}],"about":[{"href":"https:\/\/dunjouralautre.fr\/index.php\/wp-json\/wp\/v2\/types\/post"}],"author":[{"embeddable":true,"href":"https:\/\/dunjouralautre.fr\/index.php\/wp-json\/wp\/v2\/users\/1"}],"replies":[{"embeddable":true,"href":"https:\/\/dunjouralautre.fr\/index.php\/wp-json\/wp\/v2\/comments?post=5206"}],"version-history":[{"count":3,"href":"https:\/\/dunjouralautre.fr\/index.php\/wp-json\/wp\/v2\/posts\/5206\/revisions"}],"predecessor-version":[{"id":5319,"href":"https:\/\/dunjouralautre.fr\/index.php\/wp-json\/wp\/v2\/posts\/5206\/revisions\/5319"}],"wp:attachment":[{"href":"https:\/\/dunjouralautre.fr\/index.php\/wp-json\/wp\/v2\/media?parent=5206"}],"wp:term":[{"taxonomy":"category","embeddable":true,"href":"https:\/\/dunjouralautre.fr\/index.php\/wp-json\/wp\/v2\/categories?post=5206"},{"taxonomy":"post_tag","embeddable":true,"href":"https:\/\/dunjouralautre.fr\/index.php\/wp-json\/wp\/v2\/tags?post=5206"}],"curies":[{"name":"wp","href":"https:\/\/api.w.org\/{rel}","templated":true}]}}