{"id":5210,"date":"2024-02-25T10:38:07","date_gmt":"2024-02-25T09:38:07","guid":{"rendered":"https:\/\/dunjouralautre.fr\/?p=5210"},"modified":"2024-07-01T08:07:22","modified_gmt":"2024-07-01T06:07:22","slug":"les-smicards","status":"publish","type":"post","link":"https:\/\/dunjouralautre.fr\/index.php\/2024\/02\/25\/les-smicards\/","title":{"rendered":"Les Smicards \u00e0 table"},"content":{"rendered":"<p>&nbsp;<\/p>\n<p>Si dans le terme Smicard on entend la population qui a des moyens limit\u00e9s et m\u00eame tr\u00e8s limit\u00e9s, alors une famille vivant du Revenu Social (RSA) a elle aussi des moyens limit\u00e9s. Avant la crise COVID mes activit\u00e9s b\u00e9n\u00e9voles m&#8217;amenaient \u00e0 c\u00f4toyer des personnes et familles vivant des minima sociaux. Un jour, une Africaine releva qu&#8217;elle venait de trouver dans une superette de la ville les cuisses de poulet \u00e0 1.40\u20ac le kilo. Je m&#8217;\u00e9tonnais du prix et lui demandais confirmation.<\/p>\n<p>-Oui, oui, 1\u20ac40 le kilo de cuisses de poulet. J&#8217;en ai pris 10 kilos.<\/p>\n<p>Les bras m&#8217;en sont presque tomb\u00e9s, j&#8217;ai trouv\u00e9 ce prix tellement extravagant que j&#8217;en ai parl\u00e9 \u00e0 tout mon entourage. Combien l&#8217;exploitant agricole a-t-il vendu ses poulets pour que la grande distribution vende les cuisses \u00e0 1.40 le kilo ? Devant cette incongruit\u00e9 chacun y est all\u00e9 de sa th\u00e9orie : poulet pouss\u00e9 aux hormones de croissance pour faire un max de b\u00e9n\u00e9fices dans un minimum de temps, poulet \u00e9lev\u00e9, abattu et conditionn\u00e9 \u00e0 l&#8217;\u00e9tranger avec une main d&#8217;\u0153uvre \u00e0 tr\u00e8s bas co\u00fbt, poulet malade, etc&#8230;<\/p>\n<p>Les images horribles de poulets d\u00e9form\u00e9s agonisants dans des poulaillers de l&#8217;enfer publi\u00e9s par L214 me revenaient \u00e0 l&#8217;esprit.<\/p>\n<p>Je ne sais pas si cette Africaine \u00e9tait abonn\u00e9e \u00e0 la VOD et \u00e0 l&#8217;\u00e9poque ma question n&#8217;aurait eu aucun sens. Je peux simplement dire qu&#8217;elle poss\u00e9dait <span style=\"font-family: inherit; font-style: inherit; font-weight: inherit;\">un IPhone avec un forfait lui permettant de communiquer avec son pays d&#8217;origine. C&#8217;est tout.<\/span><\/p>\n<p>Oui, n&#8217;en d\u00e9plaise \u00e0 beaucoup, je pense que les Smicards mangent n&#8217;importe quoi et pr\u00e9f\u00e8rent manger n&#8217;importe quoi tant que leur assiette\u00a0 et celles de leurs enfants sont pleines.<\/p>\n<p>&nbsp;<\/p>\n<figure id=\"attachment_5207\" aria-describedby=\"caption-attachment-5207\" style=\"width: 432px\" class=\"wp-caption aligncenter\"><img fetchpriority=\"high\" decoding=\"async\" class=\"wp-image-5207 \" src=\"https:\/\/dunjouralautre.fr\/wp-content\/uploads\/2024\/02\/Capture-decran-.-2024-02-25-a-09.51.36-210x300.jpeg\" alt=\"\" width=\"432\" height=\"617\" srcset=\"https:\/\/dunjouralautre.fr\/wp-content\/uploads\/2024\/02\/Capture-decran-.-2024-02-25-a-09.51.36-210x300.jpeg 210w, https:\/\/dunjouralautre.fr\/wp-content\/uploads\/2024\/02\/Capture-decran-.-2024-02-25-a-09.51.36-718x1024.jpeg 718w, https:\/\/dunjouralautre.fr\/wp-content\/uploads\/2024\/02\/Capture-decran-.-2024-02-25-a-09.51.36-768x1095.jpeg 768w, https:\/\/dunjouralautre.fr\/wp-content\/uploads\/2024\/02\/Capture-decran-.-2024-02-25-a-09.51.36-245x350.jpeg 245w, https:\/\/dunjouralautre.fr\/wp-content\/uploads\/2024\/02\/Capture-decran-.-2024-02-25-a-09.51.36.jpeg 1026w\" sizes=\"(max-width: 432px) 100vw, 432px\" \/><figcaption id=\"caption-attachment-5207\" class=\"wp-caption-text\">Une du quotidien La Marseillaise du 25 f\u00e9vrier 2024<\/figcaption><\/figure>\n","protected":false},"excerpt":{"rendered":"<p>&nbsp; Si dans le terme Smicard on entend la population qui a des moyens limit\u00e9s et m\u00eame tr\u00e8s limit\u00e9s, alors une famille vivant du Revenu Social (RSA) a elle aussi des moyens limit\u00e9s. Avant la crise COVID mes activit\u00e9s b\u00e9n\u00e9voles m&#8217;amenaient \u00e0 c\u00f4toyer des personnes et familles vivant des minima sociaux. Un jour, une Africaine [&hellip;]<\/p>\n","protected":false},"author":1,"featured_media":0,"comment_status":"open","ping_status":"open","sticky":false,"template":"","format":"standard","meta":{"footnotes":""},"categories":[7],"tags":[],"class_list":["post-5210","post","type-post","status-publish","format-standard","hentry","category-veillons"],"_links":{"self":[{"href":"https:\/\/dunjouralautre.fr\/index.php\/wp-json\/wp\/v2\/posts\/5210","targetHints":{"allow":["GET"]}}],"collection":[{"href":"https:\/\/dunjouralautre.fr\/index.php\/wp-json\/wp\/v2\/posts"}],"about":[{"href":"https:\/\/dunjouralautre.fr\/index.php\/wp-json\/wp\/v2\/types\/post"}],"author":[{"embeddable":true,"href":"https:\/\/dunjouralautre.fr\/index.php\/wp-json\/wp\/v2\/users\/1"}],"replies":[{"embeddable":true,"href":"https:\/\/dunjouralautre.fr\/index.php\/wp-json\/wp\/v2\/comments?post=5210"}],"version-history":[{"count":7,"href":"https:\/\/dunjouralautre.fr\/index.php\/wp-json\/wp\/v2\/posts\/5210\/revisions"}],"predecessor-version":[{"id":5316,"href":"https:\/\/dunjouralautre.fr\/index.php\/wp-json\/wp\/v2\/posts\/5210\/revisions\/5316"}],"wp:attachment":[{"href":"https:\/\/dunjouralautre.fr\/index.php\/wp-json\/wp\/v2\/media?parent=5210"}],"wp:term":[{"taxonomy":"category","embeddable":true,"href":"https:\/\/dunjouralautre.fr\/index.php\/wp-json\/wp\/v2\/categories?post=5210"},{"taxonomy":"post_tag","embeddable":true,"href":"https:\/\/dunjouralautre.fr\/index.php\/wp-json\/wp\/v2\/tags?post=5210"}],"curies":[{"name":"wp","href":"https:\/\/api.w.org\/{rel}","templated":true}]}}