{"id":5509,"date":"2025-09-22T11:03:17","date_gmt":"2025-09-22T09:03:17","guid":{"rendered":"https:\/\/dunjouralautre.fr\/?p=5509"},"modified":"2025-09-22T11:06:22","modified_gmt":"2025-09-22T09:06:22","slug":"ca-va-saggraver-et-saccelerer","status":"publish","type":"post","link":"https:\/\/dunjouralautre.fr\/index.php\/2025\/09\/22\/ca-va-saggraver-et-saccelerer\/","title":{"rendered":"Ca va s&#8217;aggraver et s&#8217;acc\u00e9l\u00e9rer !"},"content":{"rendered":"<p>Il y a des moments dans la vie o\u00f9 il faut prendre du recul pour voir enfin le r\u00e9el et non ce que le syst\u00e8me veut nous faire voir. Le temps du Car\u00eame est un de ces moments. Un moment d&#8217;observation du monde, de r\u00e9flexion sur notre vie.<\/p>\n<p>L&#8217;\u00e2ge, un certain \u00e2ge, permet ce recul ; la r\u00e9flexion et l&#8217;observation sont guid\u00e9es par l&#8217;exp\u00e9rience de la vie. Le constat de ce que je vois est alarmant : les valeurs de bien commun, de gestion en bon p\u00e8re de famille, de bienveillance, de patriotisme et de fraternit\u00e9 m\u00eame sont galvaud\u00e9es, moqu\u00e9es dans la jeunesse d&#8217;aujourd&#8217;hui. Cependant, je remarque que deux jeunesses co-existent.<\/p>\n<p>Il y a dans un premier temps la jeunesse issue de familles r\u00e9sistantes aux courants progressistes. Ces jeunes y re\u00e7oivent une \u00e9ducation port\u00e9e par l&#8217;esprit de discernement. La r\u00e9flexion souvent amen\u00e9e par la lecture de divers genres litt\u00e9raires y est caract\u00e9ristique. Leurs parents appartiennent \u00e0 une cat\u00e9gorie socio-professionnelle moyenne ou \u00e9lev\u00e9e- un des parents ou les deux sont cadres, alors m\u00eame que leurs grands-parents \u00e9taient employ\u00e9s ou ouvriers. Ils ont trois enfants ou plus, habitent en maison individuelle, partent en vacances dans l&#8217;hexagone ou \u00e0 l&#8217;\u00e9tranger et louent des Airbnb. Ils peuvent \u00eatre Fran\u00e7ais dits &#8220;de souche&#8221; ou devenus Fran\u00e7ais par naturalisation.\u00a0 Ils ne connaissent pas les quartiers populaires, n&#8217;ont jamais manifest\u00e9 et ne suivent ni les actualit\u00e9s nationales ni internationales. G\u00e9n\u00e9ralement ils votent toujours pour le m\u00eame parti politique qui enjoint leurs int\u00e9r\u00eats \u00e9conomiques et leur identit\u00e9 de vie. Les enfants sont scolaris\u00e9s dans le priv\u00e9 ou dans le public de bon niveau. Ils peuvent \u00eatre inscrits en centre a\u00e9r\u00e9 durant les vacances mais ne sont jamais partis en colonie. Ils font des voyages culturels et linguistiques \u00e0 l&#8217;\u00e9tranger. Ils sont souvent musiciens et sportifs. Ils passent leur baccalaur\u00e9at facilement et se dirigent vers des \u00e9tudes universitaires.<\/p>\n<p>Puis il y a une jeunesse qui va devoir travailler l&#8217;\u00e9t\u00e9 pour payer le permis de conduire ou profiter des sorties avec les potes, qui s&#8217;est inscrit \u00e0 la fac apr\u00e8s une scolarit\u00e9 aux forceps parce qu&#8217;il faut bien faire quelque chose et qui en &#8220;scred&#8221; souhaite trouver vite fait un job alimentaire en attendant mieux. Une jeunesse qui a du mal avec sa propre identit\u00e9, son propre genre. Une jeunesse \u00e9duqu\u00e9e selon les mod\u00e8les p\u00e9dagogiques de son temps, libre et enfant roi. Une jeunesse qui adoube le dernier qui a parl\u00e9, qui ne comprend rien \u00e0 la politique et qui la plupart du temps fait confiance aux partis dits &#8220;progressistes&#8221; parce que tu comprends &#8220;ils sont plus humains&#8221;. Une jeunesse qui ne comprend pas ce qu&#8217;est le libre arbitre ni l&#8217;esprit de discernement, qui se fiche de ses racines, qui pense que le patriotisme est facho et que nationaliste est une gros mot. Une jeunesse qui part en vacances dans la famille ou en tente, mais qui \u00e9conomise pour quelques road trips dans les pays en voie de d\u00e9veloppement. Cette jeunesse vient de familles d\u00e9complex\u00e9es lib\u00e9r\u00e9es des contraintes sociales qui savent rebondir face aux al\u00e9as de la vie. Elles peuvent \u00eatre compos\u00e9es, recompos\u00e9es ou monoparentales et leur caract\u00e9ristique propre est cette adaptation aux contraintes et al\u00e9as \u00e9conomiques. Cette jeunesse coche parfois toutes les difficult\u00e9s. Difficult\u00e9s sociales, \u00e9conomiques, de genre, d&#8217;identit\u00e9, de religiosit\u00e9, scolaires, relationnelles, et la je me rends compte que le mot difficult\u00e9 n&#8217;est pas le plus appropri\u00e9 : il s&#8217;agirait plus de diff\u00e9rences et moins de difficult\u00e9s : diff\u00e9rence sociale, diff\u00e9rence \u00e9conomique, diff\u00e9rence de genre, diff\u00e9rence d&#8217;identit\u00e9, diff\u00e9rence de religiosit\u00e9, diff\u00e9rence scolaire&#8230; C&#8217;est parce que cette jeunesse est diff\u00e9rente qu&#8217;elle est dans la difficult\u00e9. Au plus tu es diff\u00e9rent au plus c&#8217;est difficile. Mais qu&#8217;est-ce qui rend diff\u00e9rent ? Et diff\u00e9rent de qui ? diff\u00e9rent de quoi ?<\/p>\n<p>\u00a0<\/p>\n\n\n<p><\/p>\n","protected":false},"excerpt":{"rendered":"<p>Il y a des moments dans la vie o\u00f9 il faut prendre du recul pour voir enfin le r\u00e9el et non ce que le syst\u00e8me veut nous faire voir. Le temps du Car\u00eame est un de ces moments. Un moment d&#8217;observation du monde, de r\u00e9flexion sur notre vie. L&#8217;\u00e2ge, un certain \u00e2ge, permet ce recul [&hellip;]<\/p>\n","protected":false},"author":1,"featured_media":0,"comment_status":"open","ping_status":"open","sticky":false,"template":"","format":"standard","meta":{"footnotes":""},"categories":[7],"tags":[],"class_list":["post-5509","post","type-post","status-publish","format-standard","hentry","category-veillons"],"_links":{"self":[{"href":"https:\/\/dunjouralautre.fr\/index.php\/wp-json\/wp\/v2\/posts\/5509","targetHints":{"allow":["GET"]}}],"collection":[{"href":"https:\/\/dunjouralautre.fr\/index.php\/wp-json\/wp\/v2\/posts"}],"about":[{"href":"https:\/\/dunjouralautre.fr\/index.php\/wp-json\/wp\/v2\/types\/post"}],"author":[{"embeddable":true,"href":"https:\/\/dunjouralautre.fr\/index.php\/wp-json\/wp\/v2\/users\/1"}],"replies":[{"embeddable":true,"href":"https:\/\/dunjouralautre.fr\/index.php\/wp-json\/wp\/v2\/comments?post=5509"}],"version-history":[{"count":4,"href":"https:\/\/dunjouralautre.fr\/index.php\/wp-json\/wp\/v2\/posts\/5509\/revisions"}],"predecessor-version":[{"id":5579,"href":"https:\/\/dunjouralautre.fr\/index.php\/wp-json\/wp\/v2\/posts\/5509\/revisions\/5579"}],"wp:attachment":[{"href":"https:\/\/dunjouralautre.fr\/index.php\/wp-json\/wp\/v2\/media?parent=5509"}],"wp:term":[{"taxonomy":"category","embeddable":true,"href":"https:\/\/dunjouralautre.fr\/index.php\/wp-json\/wp\/v2\/categories?post=5509"},{"taxonomy":"post_tag","embeddable":true,"href":"https:\/\/dunjouralautre.fr\/index.php\/wp-json\/wp\/v2\/tags?post=5509"}],"curies":[{"name":"wp","href":"https:\/\/api.w.org\/{rel}","templated":true}]}}