{"id":5688,"date":"2026-02-07T11:42:33","date_gmt":"2026-02-07T10:42:33","guid":{"rendered":"https:\/\/dunjouralautre.fr\/?p=5688"},"modified":"2026-04-10T11:55:50","modified_gmt":"2026-04-10T09:55:50","slug":"jocelyne","status":"publish","type":"post","link":"https:\/\/dunjouralautre.fr\/index.php\/2026\/02\/07\/jocelyne\/","title":{"rendered":"Jocelyne"},"content":{"rendered":"<p><strong>Jocelyne, ton arri\u00e8re-arri\u00e8re grand-m\u00e8re, la grand-m\u00e8re de ta grand-m\u00e8re, ma m\u00e8re.<\/strong><\/p>\n<figure id=\"attachment_5694\" aria-describedby=\"caption-attachment-5694\" style=\"width: 251px\" class=\"wp-caption alignleft\"><img fetchpriority=\"high\" decoding=\"async\" class=\"wp-image-5694 size-medium\" src=\"https:\/\/dunjouralautre.fr\/wp-content\/uploads\/2026\/02\/Adrien-et-Adelis-251x300.png\" alt=\"\" width=\"251\" height=\"300\" srcset=\"https:\/\/dunjouralautre.fr\/wp-content\/uploads\/2026\/02\/Adrien-et-Adelis-251x300.png 251w, https:\/\/dunjouralautre.fr\/wp-content\/uploads\/2026\/02\/Adrien-et-Adelis-292x350.png 292w, https:\/\/dunjouralautre.fr\/wp-content\/uploads\/2026\/02\/Adrien-et-Adelis.png 447w\" sizes=\"(max-width: 251px) 100vw, 251px\" \/><figcaption id=\"caption-attachment-5694\" class=\"wp-caption-text\"><span style=\"color: #999999;\"><em>Ad\u00e9lis et Adrien<\/em><\/span><\/figcaption><\/figure>\n<p>Comme je te le disais dans ma premi\u00e8re lettre ma maman se nomme Jocelyne. Dans quelques jours elle f\u00eatera 93 ans. Elle est encore active, marche avec une canne mais ne tricote plus et la lecture lui est de plus en plus difficile. Elle est n\u00e9e en 1933 \u00e0 Saint-Chamas dans les Bouches-du-Rh\u00f4ne au bord de l&#8217;\u00e9tang de Berre. Son p\u00e8re et sa m\u00e8re s&#8217;y sont install\u00e9s apr\u00e8s avoir perdu leur fille Louisette d\u00e9c\u00e9d\u00e9e \u00e0 Malijai. Son p\u00e8re, Adrien, n\u00e9 en 1887 \u00e0 Aiglun dans les Alpes de Haute-Provence, \u00e9tait boulanger.\u00a0 Mari\u00e9 apr\u00e8s la fin de la premi\u00e8re guerre mondiale il s&#8217;installait avec Ad\u00e9lis son \u00e9pouse \u00e0 Malijai dans les Alpes de Haute-Provence, -o\u00f9 j&#8217;ai moi-m\u00eame habit\u00e9 ainsi que ta grand-m\u00e8re durant presque 20 ans-, puis \u00e0 Saint-Chamas.<\/p>\n<figure id=\"attachment_5696\" aria-describedby=\"caption-attachment-5696\" style=\"width: 218px\" class=\"wp-caption aligncenter\"><img decoding=\"async\" class=\"wp-image-5696 size-medium\" src=\"https:\/\/dunjouralautre.fr\/wp-content\/uploads\/2026\/02\/Jocelyne-et-Adrien--218x300.png\" alt=\"\" width=\"218\" height=\"300\" srcset=\"https:\/\/dunjouralautre.fr\/wp-content\/uploads\/2026\/02\/Jocelyne-et-Adrien--218x300.png 218w, https:\/\/dunjouralautre.fr\/wp-content\/uploads\/2026\/02\/Jocelyne-et-Adrien--254x350.png 254w, https:\/\/dunjouralautre.fr\/wp-content\/uploads\/2026\/02\/Jocelyne-et-Adrien-.png 343w\" sizes=\"(max-width: 218px) 100vw, 218px\" \/><figcaption id=\"caption-attachment-5696\" class=\"wp-caption-text\"><em><span style=\"color: #999999;\">Jocelyne et Adrien son p\u00e8re<\/span><\/em><\/figcaption><\/figure>\n<p>&nbsp;<\/p>\n<figure id=\"attachment_5700\" aria-describedby=\"caption-attachment-5700\" style=\"width: 193px\" class=\"wp-caption alignleft\"><img decoding=\"async\" class=\"wp-image-5700 \" src=\"https:\/\/dunjouralautre.fr\/wp-content\/uploads\/2026\/02\/LOUISETTE-2-190x300.jpg\" alt=\"\" width=\"193\" height=\"305\" srcset=\"https:\/\/dunjouralautre.fr\/wp-content\/uploads\/2026\/02\/LOUISETTE-2-190x300.jpg 190w, https:\/\/dunjouralautre.fr\/wp-content\/uploads\/2026\/02\/LOUISETTE-2-647x1024.jpg 647w, https:\/\/dunjouralautre.fr\/wp-content\/uploads\/2026\/02\/LOUISETTE-2-768x1215.jpg 768w, https:\/\/dunjouralautre.fr\/wp-content\/uploads\/2026\/02\/LOUISETTE-2-221x350.jpg 221w, https:\/\/dunjouralautre.fr\/wp-content\/uploads\/2026\/02\/LOUISETTE-2.jpg 966w\" sizes=\"(max-width: 193px) 100vw, 193px\" \/><figcaption id=\"caption-attachment-5700\" class=\"wp-caption-text\"><em><span style=\"color: #999999;\">Louisette (1920-1926)<\/span><\/em><\/figcaption><\/figure>\n<p>Jocelyne est n\u00e9e 6 ans apr\u00e8s le d\u00e9c\u00e8s de sa s\u0153ur Louisette.<\/p>\n<p>Fille unique donc d&#8217;un couple vieillissant, elle a pass\u00e9 toute son enfance et sa vie de jeune adulte au bord de l&#8217;\u00e9tang de Berre. Elle raconte avoir v\u00e9cu une EMI (exp\u00e9rience de mort imminente) \u00e9tant petite. Elle a fait ses \u00e9tudes \u00e0 Marseille o\u00f9 elle a obtenu un dipl\u00f4me de chimiste. En vacances chez sa tante paternelle \u00e0 Malijai, elle rencontra mon p\u00e8re Gilbert. Ils se mari\u00e8rent en 1957. Elle travaillait durant quelques temps \u00e0 l&#8217;usine Pechiney \u00e0 St-Auban, pr\u00e8s de Malijai et s&#8217;est arr\u00eat\u00e9e \u00e0 ma naissance \u00e0 Digne en 1959. Elle n&#8217;a plus travaill\u00e9 par la suite.<\/p>\n<p>Entretemps ses parents, Adrien et Ad\u00e9lis, retrait\u00e9s, qui avaient une maison qu&#8217;ils avaient achet\u00e9e \u00e0 Digne les Bains dans les Alpes de Haute-Provence <span style=\"font-family: inherit; font-style: inherit; font-weight: inherit;\">d\u00e9cid\u00e8rent de venir s&#8217;y installer pour se rapprocher de leur enfant unique : Jocelyne pouvait s&#8217;occuper de ses parents \u00e2g\u00e9es et Gilbert n&#8217;\u00e9tait pas tr\u00e8s loin de son travail. Ad\u00e9lis mourait le 9 mars 1962 quelques mois apr\u00e8s un accident vasculaire c\u00e9r\u00e9bral qui avait provoqu\u00e9 une h\u00e9mipl\u00e9gie.<\/span><\/p>\n<figure id=\"attachment_5695\" aria-describedby=\"caption-attachment-5695\" style=\"width: 218px\" class=\"wp-caption alignright\"><img loading=\"lazy\" decoding=\"async\" class=\"wp-image-5695 size-medium\" style=\"font-family: Verdana, Arial, sans-serif; font-size: 16px; font-style: normal; font-weight: 400;\" src=\"https:\/\/dunjouralautre.fr\/wp-content\/uploads\/2026\/02\/Grand-pere-maternel-de-Jocelyne-218x300.png\" alt=\"\" width=\"218\" height=\"300\" srcset=\"https:\/\/dunjouralautre.fr\/wp-content\/uploads\/2026\/02\/Grand-pere-maternel-de-Jocelyne-218x300.png 218w, https:\/\/dunjouralautre.fr\/wp-content\/uploads\/2026\/02\/Grand-pere-maternel-de-Jocelyne-254x350.png 254w, https:\/\/dunjouralautre.fr\/wp-content\/uploads\/2026\/02\/Grand-pere-maternel-de-Jocelyne.png 378w\" sizes=\"(max-width: 218px) 100vw, 218px\" \/><figcaption id=\"caption-attachment-5695\" class=\"wp-caption-text\"><em><span style=\"color: #999999;\">F\u00e9licien Joseph GUILLAUMON (1855-1942) Mirabeau 04 p\u00e8re de Ad\u00e9lis Marie Th\u00e9r\u00e8se<\/span><\/em><span style=\"font-family: inherit; font-style: inherit; font-weight: inherit; font-size: 16px;\">\u00a0<\/span><\/figcaption><\/figure>\n<figure id=\"attachment_5697\" aria-describedby=\"caption-attachment-5697\" style=\"width: 194px\" class=\"wp-caption alignleft\"><img loading=\"lazy\" decoding=\"async\" class=\"wp-image-5697 size-medium\" src=\"https:\/\/dunjouralautre.fr\/wp-content\/uploads\/2026\/02\/Adelis-MT-Guillaumon-194x300.jpg\" alt=\"\" width=\"194\" height=\"300\" srcset=\"https:\/\/dunjouralautre.fr\/wp-content\/uploads\/2026\/02\/Adelis-MT-Guillaumon-194x300.jpg 194w, https:\/\/dunjouralautre.fr\/wp-content\/uploads\/2026\/02\/Adelis-MT-Guillaumon-662x1024.jpg 662w, https:\/\/dunjouralautre.fr\/wp-content\/uploads\/2026\/02\/Adelis-MT-Guillaumon-226x350.jpg 226w, https:\/\/dunjouralautre.fr\/wp-content\/uploads\/2026\/02\/Adelis-MT-Guillaumon.jpg 679w\" sizes=\"(max-width: 194px) 100vw, 194px\" \/><figcaption id=\"caption-attachment-5697\" class=\"wp-caption-text\"><em><span style=\"color: #999999;\">Ad\u00e9lis<\/span><\/em><\/figcaption><\/figure>\n<p>&nbsp;<\/p>\n<p>Adrien finit sa vie \u00e0 l&#8217;h\u00f4pital de Digne en 1967. Il\u00a0 connut mon petit fr\u00e8re Philippe durant un peu plus d&#8217;un an.<\/p>\n<p>Jocelyne passa le permis de conduire pour plus d&#8217;autonomie. En effet, la voisine qui me menait \u00e0 l&#8217;\u00e9cole -la maman de Michel- avait d\u00e9m\u00e9nag\u00e9 et il fallait m&#8217;y conduire &#8211; ainsi que Val\u00e9rie. Gilbert travaillait toujours \u00e0 l&#8217;usine \u00e0 St-Auban et faisait les postes : il travaillait soit de matin (de 5h \u00e0 13h) soit d&#8217;apr\u00e8s-midi (de 13h \u00e0 21h), soit la nuit (de 21h \u00e0 5h). C&#8217;\u00e9tait assez compliqu\u00e9 de s&#8217;adapter \u00e0 ce rythme et d&#8217;en prendre conscience.<\/p>\n<figure id=\"attachment_5698\" aria-describedby=\"caption-attachment-5698\" style=\"width: 228px\" class=\"wp-caption aligncenter\"><img loading=\"lazy\" decoding=\"async\" class=\"wp-image-5698\" src=\"https:\/\/dunjouralautre.fr\/wp-content\/uploads\/2026\/02\/109-193x300.jpg\" alt=\"\" width=\"228\" height=\"354\" srcset=\"https:\/\/dunjouralautre.fr\/wp-content\/uploads\/2026\/02\/109-193x300.jpg 193w, https:\/\/dunjouralautre.fr\/wp-content\/uploads\/2026\/02\/109-658x1024.jpg 658w, https:\/\/dunjouralautre.fr\/wp-content\/uploads\/2026\/02\/109-768x1196.jpg 768w, https:\/\/dunjouralautre.fr\/wp-content\/uploads\/2026\/02\/109-986x1536.jpg 986w, https:\/\/dunjouralautre.fr\/wp-content\/uploads\/2026\/02\/109-1315x2048.jpg 1315w, https:\/\/dunjouralautre.fr\/wp-content\/uploads\/2026\/02\/109-225x350.jpg 225w, https:\/\/dunjouralautre.fr\/wp-content\/uploads\/2026\/02\/109-scaled.jpg 1644w\" sizes=\"(max-width: 228px) 100vw, 228px\" \/><figcaption id=\"caption-attachment-5698\" class=\"wp-caption-text\"><em><span style=\"color: #999999;\">Jocelyne et Gilbert, leur mariage en 1957<\/span><\/em><\/figcaption><\/figure>\n<p><strong>Valr\u00e9a ou Valras, je ne sais plus.<\/strong><\/p>\n<p>L&#8217;\u00e9t\u00e9, Jocelyne et Gilbert amenaient leurs enfants en vacances \u00e0 la mer puis \u00e0 l&#8217;oc\u00e9an. Gilbert \u00e9tait fou de l&#8217;oc\u00e9an. Je me souviens de vacances \u00e0 Valras-Plage et de la serveuse du restaurant de l&#8217;h\u00f4tel o\u00f9 nous logions. &#8220;Tchocol\u00e9ite&#8221; les glaces au tchocol\u00e9ite pour le dessert&#8230; Puis d&#8217;un jour o\u00f9 je me suis fait piqu\u00e9 par une vive ensabl\u00e9e&#8230; d&#8217;un autre jour o\u00f9 je voulais faire comme les gens : marcher pieds nus. Et j&#8217;ai march\u00e9 sur un m\u00e9got encore allum\u00e9. J&#8217;ai eu mal mais je n&#8217;ai rien montr\u00e9, je n&#8217;ai rien dit.<\/p>\n<p>Je me souviens de nos vacances \u00e0 Hossegor dans les Landes et de l&#8217;H\u00f4tel des Hortensias. J&#8217;avais une petite chambre rien que pour moi pas tr\u00e8s \u00e9loign\u00e9e de celle de mes parents. A cette \u00e9poque l\u00e0 tu sais on pouvait avoir confiance dans les gens.<\/p>\n<p>Puis des vacances pr\u00e8s de La Rochelle o\u00f9 nous avons assist\u00e9 \u00e0 la marche de l&#8217;homme sur la lune en 1969. Des vacances en Vend\u00e9e, \u00e0 Biarritz, en Savoie et Haute-Savoie&#8230;<\/p>\n<p><strong>Saint-Jean-de-Luz<\/strong><\/p>\n<p>Mais avant de partir tous ensemble, il y eut des vacances ou Gilbert restait \u00e0 la maison pour s&#8217;occuper d&#8217; Adrien. Jocelyne et moi \u00e9tions parties un \u00e9t\u00e9 en train passer quelques semaines \u00e0 Saint-Jean-De-Luz. Je devais avoir 5 ans ou moins. Ce n&#8217;\u00e9tait pas un train comme on les trouve aujourd&#8217;hui. C&#8217;\u00e9tait des trains compos\u00e9s de wagons &#8220;couchettes&#8221; c&#8217;est \u00e0 dire qu&#8217;ils comportaient plusieurs compartiments de 8 \u00e0 10 personnes (comme dans les films anciens). Ils \u00e9taient gris et vert, ou gris et gris-bleu ; ils sentaient le sandwich froid, les pieds et la sueur humaine. Toujours sonore, sa double m\u00e9lop\u00e9e &#8220;TA-DAM Ta-Dam&#8221; se r\u00e9p\u00e9tait et variait selon les voies, sa vitesse, les ponts et les tunnels travers\u00e9s.<\/p>\n<p>J&#8217;\u00e9tais donc assise pr\u00e8s de la fen\u00eatre, berc\u00e9e par le balancement r\u00e9gulier du train, certainement \u00e0 r\u00eavasser \u00e0 je ne sais quoi, quand Jocelyne me parla \u00e0 l&#8217;oreille tout doucement. J&#8217;avais du mal \u00e0 entendre ce qu&#8217;elle me disait et tout en me parlant elle pressait sur mon ventre une pochette en cuir plus petite qu&#8217;un cartable et plus grande qu&#8217;un portefeuille qu&#8217;elle me laissait. Je la vis s&#8217;\u00e9loigner, sortir du compartiment. Que s&#8217;est-il pass\u00e9 dans ma t\u00eate ? Qu&#8217;ai-je donc imagin\u00e9 ? Tout s&#8217;est embrouill\u00e9&#8230;<\/p>\n<p>Plusieurs d\u00e9cennies plus tard, Jocelyne me reparlait de cet incident que j&#8217;avais totalement oubli\u00e9. \u00c0 son \u00e9vocation quelques souvenirs me sont revenus. Elle m&#8217;avait confi\u00e9 la pochette en cuir contenant l&#8217;argent de nos vacances et \u00e9tait partie aux toilettes du wagon. \u00c0 son retour, la pochette qu&#8217;elle m&#8217;avait confi\u00e9e n&#8217;\u00e9tait plus l\u00e0 ! Elle me questionnait et je restais prostr\u00e9e, h\u00e9b\u00e9t\u00e9e, muette&#8230; Elle avait finalement retrouv\u00e9 la pochette coinc\u00e9e entre la banquette et la paroi du compartiment&#8230; sous le regard incr\u00e9dule des autres occupants. Peut-\u00eatre avais-je voulu cacher le fameux tr\u00e9sor de la convoitise des autres passagers ? C&#8217;est ainsi, en tous cas, qu&#8217;elle s&#8217;est expliqu\u00e9 mon comportement.<\/p>\n<p>De ces vacances \u00e0 Saint-Jean-de-Luz, je ne me souviens que des jeux que je faisais avec d&#8217;autres enfants sur la plage : il y avait des barquettes accroch\u00e9es \u00e0 des portiques m\u00e9talliques qui allaient et venaient comme des balan\u00e7oires. On y mettait trois ou quatre enfants ensemble qui riaient !&#8230; Mais peut-\u00eatre que le souvenir que j&#8217;en ai gard\u00e9 n&#8217;est que le fruit d&#8217;une photo de cette sc\u00e8ne.<\/p>\n<p><strong>Pierre<\/strong><\/p>\n<p>En 1974, mon fr\u00e8re Pierre est arriv\u00e9 par accident, comme disait Jocelyne. Elle avait bien essay\u00e9 de le &#8220;d\u00e9crocher&#8221; mais en vain. Il est arriv\u00e9 un lundi matin, o\u00f9 seule avec Jocelyne, et \u00e0 sa demande je suis all\u00e9e sonner chez le voisin M. Prud&#8217;Homme, homme d\u00e9vou\u00e9 \u00e0 son \u00e9pouse, d&#8217;un \u00e2ge avanc\u00e9, conducteur de v\u00e9hicule dont il faisait patiner l&#8217;embraillage et d&#8217;un SOLEX ant\u00e9diluvien, sourd comme un pot et un peu lent aussi pour lui demander de mener maman \u00e0 la maternit\u00e9. Ceci fait et sans attendre,\u00a0 je suis partie au lyc\u00e9e, j&#8217;\u00e9tais en seconde.<\/p>\n<p>N&#8217;\u00e9tant plus demi-pensionnaire, \u00e0 midi je rentrais \u00e0 la maison et n&#8217;y trouvant pas Jocelyne, je partais \u00e0 la maternit\u00e9 par le chemin \u00e0 travers champs. Je cueillais quelques fleurs sauvages en fin de carri\u00e8re et en fis un petit bouquet. \u00c0 mon arriv\u00e9e, je d\u00e9posais sur le ventre vid\u00e9 de Jocelyne les fleurs ramass\u00e9s sur le chemin. Mon petit fr\u00e8re \u00e9tait pos\u00e9 comme un paquet sur la paillasse, sous une lampe, sans un pleur, sans un g\u00e9missement, silencieux, d\u00e9j\u00e0 conscient que sa pr\u00e9sence d\u00e9rangeait. &#8220;C&#8217;est \u00e7a ?&#8221; m&#8217;exclamais-je, partageant l&#8217;id\u00e9e que se faisait Jocelyne du paquet ind\u00e9sirablement re\u00e7u. &#8211; Oui, c&#8217;est \u00e7a, m&#8217;a t-elle r\u00e9pondu.<\/p>\n<p>Nous ne sommes plus jamais partis en vacances ensemble. En hiver 1980, Jocelyne et Gilbert sont partis avec le dioc\u00e8se en Isra\u00ebl sur les traces du Christ. De m\u00e9moire c &#8216;est le seul voyage qu&#8217;ils aient accompli. Gilbert mourrait 6 ans plus tard d&#8217;un cancer. Jocelyne se retrouvait seule, chagrin\u00e9e mais sans plus. Elle entama alors de mettre la maison \u00e0 son go\u00fbt et fit d\u00e9faire tout ce que Gilbert avait fait. La v\u00e9randa &#8220;HomeMade&#8221; fut d\u00e9truite, le jardin fut r\u00e9am\u00e9nag\u00e9 et des arbres d\u00e9racin\u00e9s, les parquets furent chang\u00e9s en dallage blanc. Elle fit mettre une porte de garage \u00e9lectrifi\u00e9e, fit changer la porte d&#8217;entr\u00e9e, fit enlever la chaudi\u00e8re fuel et les radiateurs en fonte au profit de radiateurs \u00e9lectriques. Elle fit changer les menuiseries ext\u00e9rieures et les anciens volets en bois par des menuiseries PVC et volets roulants plus isolants. Enfin, elle fit refaire la fa\u00e7ade.<\/p>\n<p>Je ne l&#8217;accompagnais pas dans ces changements : les liens entre nous \u00e9taient tendus depuis la mort de Gilbert et mon divorce les avait compl\u00e8tement rendus inexistants. Je ne la voyais qu&#8217;\u00e0 de tr\u00e8s rares occasions. Elle avait accept\u00e9 d&#8217;\u00eatre pr\u00e9sente pour le dessert \u00e0 mes secondes noces (1997). Invit\u00e9e au bapt\u00eame de Marie-Charlotte (1999), elle est arriv\u00e9e apr\u00e8s l&#8217;\u00e9glise et n&#8217;est pas rest\u00e9e longtemps. Nous lui avons rendu visite avant notre d\u00e9part \u00e0 Nantes (2001) et l&#8217;hiver qui a suivi. Puis je l&#8217;ai revue en 2010 par l&#8217;entremise de Pierre. Jusqu&#8217;en juin 2015, avec S\u00e9bastien et Marie-Charlotte, nous passions r\u00e9guli\u00e8rement lui rendre visite une \u00e0 deux fois par an.<\/p>\n<p>Et en 2015, je me suis pos\u00e9e la question de savoir pourquoi je ne recevais aucun cadeau, aucun pr\u00e9sent, aucune carte d&#8217;anniversaire ou de No\u00ebl de sa part <span style=\"color: #808080;\">depuis 20 ans<\/span>. Pourquoi mes enfants, mes trois filles ch\u00e9ries ne recevaient jamais rien de leur grand-m\u00e8re et ce jour-l\u00e0 j&#8217;ai le c\u0153ur qui s&#8217;est bris\u00e9 et s&#8217;est mis \u00e0 saigner.<\/p>\n<p>Et j&#8217;ai rompu tout contact.<\/p>\n<p>Jusqu&#8217;\u00e0 ce que ta grand-m\u00e8re Loulou visite sa grand-m\u00e8re \u00e0 l&#8217;\u00e9t\u00e9 2024 et me fasse savoir qu&#8217;elle vit un enfer. Depuis, j&#8217;ai des \u00e9changes t\u00e9l\u00e9phoniques avec Jocelyne mais rien de r\u00e9gulier. Elle me parle d&#8217;elle, d&#8217;elle et de Philippe, d&#8217;elle et de Pierre, d&#8217;elle et de la vente de sa maison, d&#8217;elle et de sa sant\u00e9&#8230;<\/p>\n<p>Je peux rester 6 mois sans t\u00e9l\u00e9phoner. Derni\u00e8rement il y a eu un coup de fil en d\u00e9but d\u00e9cembre 2025 &#8211; le 4 d\u00e9cembre exactement, jour anniversaire du d\u00e9c\u00e8s de Adrien, &#8211;\u00a0 puis un hier le 6 f\u00e9vrier, fait important : c&#8217;est elle qui m&#8217;a appel\u00e9e et a \u00e9pilogu\u00e9 sur l&#8217;anniversaire de Lucie (la fille de Pierre) et ses 93 ans !!<\/p>\n<p>Je ne l&#8217;appelle jamais pour son anniversaire, f\u00eate des m\u00e8res, No\u00ebl, v\u0153ux de nouvel an ou autre.<\/p>\n<p>Je pense l&#8217;appeler pour le 9 mars prochain.<\/p>\n<p>Pas avant.<\/p>\n<p>Le 9 mars c&#8217;est le jour anniversaire du d\u00e9c\u00e8s de sa m\u00e8re.<\/p>\n<p>C&#8217;est symbolique pour moi.<\/p>\n<p>Depuis le 28 juin 2015, ses yeux n&#8217;ont pas vu mon visage. Et je m&#8217;amuse \u00e0 dire qu&#8217;elle m&#8217;a re\u00e7u un 28 juin et qu&#8217;elle m&#8217;a perdue un 28 juin. Voil\u00e0 ma ch\u00e8re Hope, ce que je peux te dire de Jocelyne.<\/p>\n<p>&nbsp;<\/p>\n<p>&nbsp;<\/p>\n<p>&nbsp;<\/p>\n","protected":false},"excerpt":{"rendered":"<p>Jocelyne, ton arri\u00e8re-arri\u00e8re grand-m\u00e8re, la grand-m\u00e8re de ta grand-m\u00e8re, ma m\u00e8re. Comme je te le disais dans ma premi\u00e8re lettre ma maman se nomme Jocelyne. Dans quelques jours elle f\u00eatera 93 ans. Elle est encore active, marche avec une canne mais ne tricote plus et la lecture lui est de plus en plus difficile. Elle [&hellip;]<\/p>\n","protected":false},"author":1,"featured_media":0,"comment_status":"open","ping_status":"open","sticky":false,"template":"","format":"standard","meta":{"footnotes":""},"categories":[13],"tags":[],"class_list":["post-5688","post","type-post","status-publish","format-standard","hentry","category-lettre-a-hope"],"_links":{"self":[{"href":"https:\/\/dunjouralautre.fr\/index.php\/wp-json\/wp\/v2\/posts\/5688","targetHints":{"allow":["GET"]}}],"collection":[{"href":"https:\/\/dunjouralautre.fr\/index.php\/wp-json\/wp\/v2\/posts"}],"about":[{"href":"https:\/\/dunjouralautre.fr\/index.php\/wp-json\/wp\/v2\/types\/post"}],"author":[{"embeddable":true,"href":"https:\/\/dunjouralautre.fr\/index.php\/wp-json\/wp\/v2\/users\/1"}],"replies":[{"embeddable":true,"href":"https:\/\/dunjouralautre.fr\/index.php\/wp-json\/wp\/v2\/comments?post=5688"}],"version-history":[{"count":11,"href":"https:\/\/dunjouralautre.fr\/index.php\/wp-json\/wp\/v2\/posts\/5688\/revisions"}],"predecessor-version":[{"id":5779,"href":"https:\/\/dunjouralautre.fr\/index.php\/wp-json\/wp\/v2\/posts\/5688\/revisions\/5779"}],"wp:attachment":[{"href":"https:\/\/dunjouralautre.fr\/index.php\/wp-json\/wp\/v2\/media?parent=5688"}],"wp:term":[{"taxonomy":"category","embeddable":true,"href":"https:\/\/dunjouralautre.fr\/index.php\/wp-json\/wp\/v2\/categories?post=5688"},{"taxonomy":"post_tag","embeddable":true,"href":"https:\/\/dunjouralautre.fr\/index.php\/wp-json\/wp\/v2\/tags?post=5688"}],"curies":[{"name":"wp","href":"https:\/\/api.w.org\/{rel}","templated":true}]}}