{"id":5773,"date":"2026-04-10T11:44:22","date_gmt":"2026-04-10T09:44:22","guid":{"rendered":"https:\/\/dunjouralautre.fr\/?p=5773"},"modified":"2026-04-10T12:00:42","modified_gmt":"2026-04-10T10:00:42","slug":"philippe","status":"publish","type":"post","link":"https:\/\/dunjouralautre.fr\/index.php\/2026\/04\/10\/philippe\/","title":{"rendered":"Philippe"},"content":{"rendered":"<p>Philippe est n\u00e9 le 15 septembre 1966 \u00e0 Digne les Bains.<\/p>\n<p>Je ne me souviens pas de sa naissance ni d&#8217;\u00eatre all\u00e9e \u00e0 la maternit\u00e9. J&#8217;ai certainement \u00e9t\u00e9 gard\u00e9e durant quelques jours par nos voisines, tante et grand-m\u00e8re de Val\u00e9rie P. habitant le fond du lotissement. Je me souviens de ma m\u00e8re baignant Philippe dans une petite baignoire plastifi\u00e9e pos\u00e9e sur des pieds en forme de X et disposant d&#8217;un tuyau de vidange. Il me semble que j&#8217;ai \u00e9t\u00e9 plus impressionn\u00e9e par ce syst\u00e8me que par le fr\u00e8re que je d\u00e9couvrais, nu, minuscule, avec une pro\u00e9minence entre les jambes et un bobo rougi par le mercurochrome sur le ventre. Enfin la baignoire se vidait et l&#8217;engin se transformait en table&#8230;<\/p>\n<p>Mes souvenirs de Philippe sont des bons souvenirs. C&#8217;\u00e9tait un fr\u00e8re gentil, joueur et toujours heureux. Sept ans d&#8217;\u00e9cart ne permettent pas vraiment de beaucoup nous rapprocher. Pourtant nous avons jouer ensemble \u00e0 la balle lorsqu&#8217;il \u00e9tait encore dans sa petite enfance, assis dans le couloir et la faisant rouler \u00e0 ras le sol. Cette balle ou ballon exasp\u00e9rait notre m\u00e8re&#8230;<\/p>\n<p>Un jour, Philippe devait avoir deux ou trois ans, je suis partie de la maison. J&#8217;imagine que la seule raison qui m&#8217;ait pouss\u00e9e \u00e0 fuguer \u00e9tait un conflit avec ma m\u00e8re. Et pensant mon petit fr\u00e8re Philippe victime au m\u00eame titre que moi de la m\u00e9chancet\u00e9 de notre m\u00e8re, je l&#8217;ai emmen\u00e9 avec moi. Grosse erreur. Notre p\u00e8re nous a retrouv\u00e9s \u00e0 100m de la maison et je me souviens encore de l&#8217;accueil et des paroles gla\u00e7antes de notre m\u00e8re :&#8221;Toi tu peux partir si tu veux, mais tu laisses ton petit fr\u00e8re ici&#8230;&#8221; Sur le moment, je n&#8217;ai pas r\u00e9alis\u00e9 ce que cela voulait dire.<\/p>\n<p>Vers l&#8217;\u00e2ge de cinq ans, Philippe a eu la rougeole et se plaignait d&#8217;avoir mal aux yeux. Pensant que ces cils qu&#8217;il avait magnifiquement longs \u00e9taient la source de son mal aux yeux, et les ciseaux en mains il me demandait de les lui couper un peu. Ce que je fis. Notre m\u00e8re s&#8217;en rendit compte quelques temps (heures ? jours ?) apr\u00e8s. Et dans toute son innocence Philippe lui avoua que c&#8217;\u00e9tait moi qui les lui avais coup\u00e9s. Ce jour-l\u00e0, l&#8217;enfer s&#8217;est abattu sur moi.<\/p>\n<p>Plus tard, scolaris\u00e9 en primaire au Sacr\u00e9-Coeur \u00e0 Digne les Bains et en difficult\u00e9 d&#8217;apprentissage, l&#8217;institutrice de Philippe avait not\u00e9 une r\u00e9flexion d\u00e9plac\u00e9e sur son cahier au sujet d&#8217;un travail qu&#8217;il n&#8217;avait pas r\u00e9ussi. Ma m\u00e8re en avait \u00e9t\u00e9 boulevers\u00e9e&#8230; Je me souviens d&#8217;avoir fait r\u00e9ponse \u00e0 l&#8217;institutrice en \u00e9crivant moi aussi sur le cahier de Philippe&#8230;<\/p>\n<p>J&#8217;ai grandi et mon petit fr\u00e8re Philippe n&#8217;a plus \u00e9t\u00e9 aussi proche de moi, alors qu&#8217;il pleurait \u00e0 mon mariage, parce qu&#8217;il&#8221;perdait sa soeur&#8221;.<\/p>\n<p>Aujourd&#8217;hui, Philippe f\u00eate bient\u00f4t 60 ans. Apr\u00e8s une carri\u00e8re de p\u00e2tissier \u00e0 Marseille et un mariage r\u00e2t\u00e9, sans enfant, il se retrouve vivre \u00e0 Digne les Bains chez sa m\u00e8re. La cohabitation semble bien difficile mais c&#8217;est tout ce qu&#8217;il a. Atteint jeune par une maladie tr\u00e9s handicapante, il n&#8217;a pas men\u00e9 sa vie comme il l&#8217;entendait et il semble d\u00e9velopper une certaine amertume pour les gens qui &#8220;vivent normalement&#8221;.<\/p>\n<p>&nbsp;<\/p>\n<p>Malgr\u00e9 tout, il reste pour moi un gar\u00e7on gentil et joueur.<\/p>\n<p>&nbsp;<\/p>\n<p>&nbsp;<\/p>\n<p>&nbsp;<\/p>\n<p>&nbsp;<\/p>\n","protected":false},"excerpt":{"rendered":"<p>Philippe est n\u00e9 le 15 septembre 1966 \u00e0 Digne les Bains. Je ne me souviens pas de sa naissance ni d&#8217;\u00eatre all\u00e9e \u00e0 la maternit\u00e9. J&#8217;ai certainement \u00e9t\u00e9 gard\u00e9e durant quelques jours par nos voisines, tante et grand-m\u00e8re de Val\u00e9rie P. habitant le fond du lotissement. Je me souviens de ma m\u00e8re baignant Philippe dans [&hellip;]<\/p>\n","protected":false},"author":1,"featured_media":0,"comment_status":"open","ping_status":"open","sticky":false,"template":"","format":"standard","meta":{"footnotes":""},"categories":[13],"tags":[],"class_list":["post-5773","post","type-post","status-publish","format-standard","hentry","category-lettre-a-hope"],"_links":{"self":[{"href":"https:\/\/dunjouralautre.fr\/index.php\/wp-json\/wp\/v2\/posts\/5773","targetHints":{"allow":["GET"]}}],"collection":[{"href":"https:\/\/dunjouralautre.fr\/index.php\/wp-json\/wp\/v2\/posts"}],"about":[{"href":"https:\/\/dunjouralautre.fr\/index.php\/wp-json\/wp\/v2\/types\/post"}],"author":[{"embeddable":true,"href":"https:\/\/dunjouralautre.fr\/index.php\/wp-json\/wp\/v2\/users\/1"}],"replies":[{"embeddable":true,"href":"https:\/\/dunjouralautre.fr\/index.php\/wp-json\/wp\/v2\/comments?post=5773"}],"version-history":[{"count":6,"href":"https:\/\/dunjouralautre.fr\/index.php\/wp-json\/wp\/v2\/posts\/5773\/revisions"}],"predecessor-version":[{"id":5782,"href":"https:\/\/dunjouralautre.fr\/index.php\/wp-json\/wp\/v2\/posts\/5773\/revisions\/5782"}],"wp:attachment":[{"href":"https:\/\/dunjouralautre.fr\/index.php\/wp-json\/wp\/v2\/media?parent=5773"}],"wp:term":[{"taxonomy":"category","embeddable":true,"href":"https:\/\/dunjouralautre.fr\/index.php\/wp-json\/wp\/v2\/categories?post=5773"},{"taxonomy":"post_tag","embeddable":true,"href":"https:\/\/dunjouralautre.fr\/index.php\/wp-json\/wp\/v2\/tags?post=5773"}],"curies":[{"name":"wp","href":"https:\/\/api.w.org\/{rel}","templated":true}]}}